{"id":3168,"date":"2023-05-24T09:30:34","date_gmt":"2023-05-24T07:30:34","guid":{"rendered":"https:\/\/pomerania.org.pl\/?p=3168"},"modified":"2023-05-24T10:04:42","modified_gmt":"2023-05-24T08:04:42","slug":"wazne-informacje-dot-rozliczania-dotacji-z-pnwm","status":"publish","type":"post","link":"https:\/\/pomerania.org.pl\/?p=3168","title":{"rendered":"Wa\u017cne informacje dot. rozliczania dotacji dla po\u015brednik\u00f3w j\u0119zykowych z PNWM"},"content":{"rendered":"\n<p>Szanowni Pa\u0144stwo,<\/p>\n\n\n\n<p>przypominamy, aby umo\u017cliwi\u0107 rozliczanie zgodnie z polskim prawem dotacji do po\u015brednictwa j\u0119zykowego i \/lub rycza\u0142tu organizacyjno-technicznego (przy projektach online) wnioskodawcy maj\u0105 trzy mo\u017cliwo\u015bci:<\/p>\n\n\n\n<ol class=\"wp-block-list\" type=\"1\" start=\"1\">\n<li>faktura\/rachunek (je\u017celi prowadzi dzia\u0142alno\u015b\u0107 gospodarcz\u0105) LUB<\/li>\n\n\n\n<li>umowa zlecenie wraz z rachunkiem do niego i potwierdzeniem otrzymania wynagrodzenia LUB<\/li>\n\n\n\n<li>o\u015bwiadczenie o prowadzeniu dzia\u0142alno\u015bci nierejestrowej wraz z rachunkiem (wszystkie dokumenty w za\u0142\u0105czeniu)<\/li>\n<\/ol>\n\n\n\n<p>Tylko na podstawie jednego z tych trzech dokument\u00f3w mo\u017cecie Pa\u0144stwo rozliczy\u0107 ww. rycza\u0142ty na t\u0142umaczenie z dotacji PNWM.<\/p>\n\n\n\n<p>Je\u015bli nie ma w plac\u00f3wce mo\u017cliwo\u015bci podpisania dodatkowej umowy z pracownikiem, w\u00f3wczas pozostaje mo\u017cliwo\u015b\u0107 nr 3, kt\u00f3ra jest zgodna z obowi\u0105zuj\u0105cym prawem podatkowym.<\/p>\n\n\n\n<p>Je\u017celi zatem nie mo\u017cecie Pa\u0144stwo skorzysta\u0107 z pkt. 1 i pkt, 2, prosimy o korzystanie z mo\u017cliwo\u015bci w pkt. 3. Dodatkowo informujemy, \u017ce&nbsp;<strong>macie Pa\u0144stwo obowi\u0105zek sami poinformowa\u0107 si\u0119 w swoim US, czy mo\u017cecie skorzysta\u0107 z tej opcji, czy nie<\/strong>.<\/p>\n\n\n\n<p>Poni\u017cej dokumenty potrzebne do rozliczenia oraz link do limitu przychodu w 2023 roku.<\/p>\n\n\n\n<div class=\"wp-block-file\"><a id=\"wp-block-file--media-b35ac182-b6ae-49af-9f42-837a29355900\" href=\"https:\/\/pomerania.org.pl\/wp-content\/uploads\/2023\/05\/rachunek.docx\">rachunek<\/a><a href=\"https:\/\/pomerania.org.pl\/wp-content\/uploads\/2023\/05\/rachunek.docx\" class=\"wp-block-file__button wp-element-button\" download aria-describedby=\"wp-block-file--media-b35ac182-b6ae-49af-9f42-837a29355900\">Pobierz<\/a><\/div>\n\n\n\n<div class=\"wp-block-file\"><a id=\"wp-block-file--media-e8398734-34e8-412b-b50f-83b76a402c07\" href=\"https:\/\/pomerania.org.pl\/wp-content\/uploads\/2023\/05\/oswiadczenie.docx\">o\u015bwiadczenie<\/a><a href=\"https:\/\/pomerania.org.pl\/wp-content\/uploads\/2023\/05\/oswiadczenie.docx\" class=\"wp-block-file__button wp-element-button\" download aria-describedby=\"wp-block-file--media-e8398734-34e8-412b-b50f-83b76a402c07\">Pobierz<\/a><\/div>\n\n\n\n<figure class=\"wp-block-embed\"><div class=\"wp-block-embed__wrapper\">\nhttps:\/\/www.biznes.gov.pl\/pl\/portal\/00115\n<\/div><\/figure>\n\n\n\n<p>Cytat:<\/p>\n\n\n\n<p>Mo\u017cesz prowadzi\u0107 dzia\u0142alno\u015b\u0107 nierejestrow\u0105:<\/p>\n\n\n\n<ul class=\"wp-block-list\">\n<li>je\u017celi miesi\u0119czne przychody z twojej dzia\u0142alno\u015bci nie przekrocz\u0105\u00a0<strong>50&nbsp;proc. kwoty minimalnego wynagrodzenia<\/strong>\u00a0obowi\u0105zuj\u0105cego w danym roku, czyli w 2023 roku:\n<ul class=\"wp-block-list\">\n<li>od 1 stycznia do 30 czerwca, w \u017cadnym miesi\u0105cu nie przekrocz\u0105&nbsp;<strong>1745 z\u0142<\/strong><\/li>\n\n\n\n<li>od 1 lipca do 31 grudnia, w \u017cadnym miesi\u0105cu nie przekrocz\u0105&nbsp;<strong>1800 z\u0142<\/strong><\/li>\n<\/ul>\n<\/li>\n<\/ul>\n","protected":false},"excerpt":{"rendered":"<p>Szanowni Pa\u0144stwo, przypominamy, aby umo\u017cliwi\u0107 rozliczanie zgodnie z polskim prawem dotacji do po\u015brednictwa j\u0119zykowego i \/lub rycza\u0142tu organizacyjno-technicznego (przy projektach online) wnioskodawcy maj\u0105 trzy mo\u017cliwo\u015bci: Tylko na podstawie jednego z tych trzech dokument\u00f3w mo\u017cecie Pa\u0144stwo rozliczy\u0107 ww. rycza\u0142ty na t\u0142umaczenie z dotacji PNWM. Je\u015bli nie ma w plac\u00f3wce mo\u017cliwo\u015bci podpisania dodatkowej umowy z pracownikiem, w\u00f3wczas [&hellip;]<\/p>\n","protected":false},"author":1,"featured_media":326,"comment_status":"closed","ping_status":"closed","sticky":false,"template":"","format":"standard","meta":{"footnotes":""},"categories":[26],"tags":[],"class_list":["post-3168","post","type-post","status-publish","format-standard","has-post-thumbnail","hentry","category-pnwm"],"post_mailing_queue_ids":[],"_links":{"self":[{"href":"https:\/\/pomerania.org.pl\/index.php?rest_route=\/wp\/v2\/posts\/3168","targetHints":{"allow":["GET"]}}],"collection":[{"href":"https:\/\/pomerania.org.pl\/index.php?rest_route=\/wp\/v2\/posts"}],"about":[{"href":"https:\/\/pomerania.org.pl\/index.php?rest_route=\/wp\/v2\/types\/post"}],"author":[{"embeddable":true,"href":"https:\/\/pomerania.org.pl\/index.php?rest_route=\/wp\/v2\/users\/1"}],"replies":[{"embeddable":true,"href":"https:\/\/pomerania.org.pl\/index.php?rest_route=%2Fwp%2Fv2%2Fcomments&post=3168"}],"version-history":[{"count":3,"href":"https:\/\/pomerania.org.pl\/index.php?rest_route=\/wp\/v2\/posts\/3168\/revisions"}],"predecessor-version":[{"id":3175,"href":"https:\/\/pomerania.org.pl\/index.php?rest_route=\/wp\/v2\/posts\/3168\/revisions\/3175"}],"wp:featuredmedia":[{"embeddable":true,"href":"https:\/\/pomerania.org.pl\/index.php?rest_route=\/wp\/v2\/media\/326"}],"wp:attachment":[{"href":"https:\/\/pomerania.org.pl\/index.php?rest_route=%2Fwp%2Fv2%2Fmedia&parent=3168"}],"wp:term":[{"taxonomy":"category","embeddable":true,"href":"https:\/\/pomerania.org.pl\/index.php?rest_route=%2Fwp%2Fv2%2Fcategories&post=3168"},{"taxonomy":"post_tag","embeddable":true,"href":"https:\/\/pomerania.org.pl\/index.php?rest_route=%2Fwp%2Fv2%2Ftags&post=3168"}],"curies":[{"name":"wp","href":"https:\/\/api.w.org\/{rel}","templated":true}]}}