{"id":4555,"date":"2023-10-30T11:15:07","date_gmt":"2023-10-30T10:15:07","guid":{"rendered":"https:\/\/pomerania.org.pl\/?p=4555"},"modified":"2023-10-30T11:15:08","modified_gmt":"2023-10-30T10:15:08","slug":"zatwierdzono-kolejne-male-projekty","status":"publish","type":"post","link":"https:\/\/pomerania.org.pl\/?p=4555","title":{"rendered":"Zatwierdzono kolejne &#8222;ma\u0142e projekty&#8221;"},"content":{"rendered":"\n<p><br>W dniu 26.10.2023 roku w Szczecinie odby\u0142o si\u0119 czwarte posiedzenie Euroregionalnego Komitetu Steruj\u0105cego Funduszy Ma\u0142ych Projekt\u00f3w Interreg VI A dla\u00a0<strong>Celu\u00a0Szczeg\u00f3\u0142owego\u00a04.6 \u201eKultura i zr\u00f3wnowa\u017cona turystyka\u201d<\/strong>\u00a0(Zarz\u0105dzaj\u0105cy \u2013\u00a0Stowarzyszenie Gmin Polskich Euroregionu Pomerania) oraz\u00a0<strong>Celu\u00a0Szczeg\u00f3\u0142owego\u00a06.3 \u201eWzmocnienie zaufania\u201d<\/strong>\u00a0\u2013 (Zarz\u0105dzaj\u0105cy\u00a0\u2013\u00a0Kommunalgemeinschaft Pomerania e.V.).<\/p>\n\n\n\n<p>Cz\u0142onkowie EKS zatwierdzili kolejne projekty do realizacji udzielaj\u0105c wsparcia z Europejskiego Funduszu Rozwoju Regionalnego w ramach Funduszy Ma\u0142ych Projekt\u00f3w. W Celu Szczeg\u00f3\u0142owym 4.6 dofinansowanie otrzyma\u0142o <strong>5 projekt\u00f3w<\/strong> na kwot\u0119\u00a0<strong>95 714,00 EUR EFRR.<\/strong><\/p>\n\n\n\n<p>Kolejne posiedzenie EKS odb\u0119dzie si\u0119 30 listopada 2023 w L\u00f6cknitz.<\/p>\n\n\n\n<p>Lista zatwierdzonych projekt\u00f3w\u00a0\u2013\u00a0<strong>Cel\u00a0Szczeg\u00f3\u0142owy\u00a04.6 \u201eKultura i zr\u00f3wnowa\u017cona turystyka\u201d<\/strong><\/p>\n\n\n\n<figure class=\"wp-block-table\"><table><tbody><tr><td><strong>Tytu\u0142 projektu<\/strong><\/td><td class=\"has-text-align-left\" data-align=\"left\"><strong>Wnioskodawca<\/strong><\/td><td><strong>Partner projektu<\/strong><\/td><td><strong>EFRR<\/strong> <strong>EUR<\/strong><\/td><\/tr><tr><td>Szczecin Tours Planner<\/td><td class=\"has-text-align-left\" data-align=\"left\">\u017begluga Szczeci\u0144ska <br>Turystyka Wydarzenia <br>Sp. z o.o.<\/td><td>Amt Gartz Oder<\/td><td>6 196,00<\/td><\/tr><tr><td>DEkopPeLn, Spacerowo, Rowerowo<\/td><td class=\"has-text-align-left\" data-align=\"left\">F\u00f6rderverein Gutshaus <br>Ramin e.V<\/td><td>Media Dizajn<\/td><td>48 013,00<\/td><\/tr><tr><td>Prastare techniki wypa\u0142u <br>ceramiki <br>&#8211; warsztaty i wernisa\u017c<\/td><td class=\"has-text-align-left\" data-align=\"left\">F\u00f6rderverein Gutshaus <br>Ramin e.V<\/td><td>Miejski O\u015brodek <br>Kultury w Policach<\/td><td>9 442,00<\/td><\/tr><tr><td>Poka\u017c\u0119 Ci m\u00f3j ratusz i moje miasto<\/td><td class=\"has-text-align-left\" data-align=\"left\">Universit\u00e4ts- und <br>Hansestadt Greifswald<\/td><td>Gmina Goleni\u00f3w<\/td><td>11 395,00<\/td><\/tr><tr><td>Szczecin-Wolgast. Blisko <br>coraz bli\u017cej. Wsp\u00f3lne drogi <br>w kulturze i historii <br>we wsp\u00f3\u0142tworzeniu <br>Euroregionu Pomerania<\/td><td class=\"has-text-align-left\" data-align=\"left\">Stowarzyszenie Czas <br>Przestrze\u0144 To\u017csamo\u015b\u0107<\/td><td>Stadt Wolgast<\/td><td>20 668,00<\/td><\/tr><\/tbody><\/table><\/figure>\n\n\n\n<p>Jednocze\u015bnie w C.S 6.3 dofinansowanie otrzyma\u0142y <strong>3 projekty<\/strong> na kwot\u0119 <strong>66 288,00 EUR EFRR.<\/strong><\/p>\n\n\n\n<figure class=\"wp-block-gallery has-nested-images columns-default is-cropped wp-block-gallery-2 is-layout-flex wp-block-gallery-is-layout-flex\">\n<figure class=\"wp-block-image size-large\"><img loading=\"lazy\" decoding=\"async\" width=\"2560\" height=\"1562\" data-id=\"4556\" src=\"https:\/\/pomerania.org.pl\/wp-content\/uploads\/2023\/10\/foto1-scaled.jpg\" alt=\"\" class=\"wp-image-4556\" srcset=\"https:\/\/pomerania.org.pl\/wp-content\/uploads\/2023\/10\/foto1-scaled.jpg 2560w, https:\/\/pomerania.org.pl\/wp-content\/uploads\/2023\/10\/foto1-300x183.jpg 300w, https:\/\/pomerania.org.pl\/wp-content\/uploads\/2023\/10\/foto1-768x469.jpg 768w, https:\/\/pomerania.org.pl\/wp-content\/uploads\/2023\/10\/foto1-1536x937.jpg 1536w, https:\/\/pomerania.org.pl\/wp-content\/uploads\/2023\/10\/foto1-2048x1250.jpg 2048w\" sizes=\"auto, (max-width: 2560px) 100vw, 2560px\" \/><figcaption class=\"wp-element-caption\">EKS 26.10.2023<\/figcaption><\/figure>\n\n\n\n<figure class=\"wp-block-image size-large\"><img loading=\"lazy\" decoding=\"async\" width=\"2560\" height=\"1920\" data-id=\"4557\" src=\"https:\/\/pomerania.org.pl\/wp-content\/uploads\/2023\/10\/foto3-scaled.jpg\" alt=\"\" class=\"wp-image-4557\" srcset=\"https:\/\/pomerania.org.pl\/wp-content\/uploads\/2023\/10\/foto3-scaled.jpg 2560w, https:\/\/pomerania.org.pl\/wp-content\/uploads\/2023\/10\/foto3-300x225.jpg 300w, https:\/\/pomerania.org.pl\/wp-content\/uploads\/2023\/10\/foto3-768x576.jpg 768w, https:\/\/pomerania.org.pl\/wp-content\/uploads\/2023\/10\/foto3-1536x1152.jpg 1536w, https:\/\/pomerania.org.pl\/wp-content\/uploads\/2023\/10\/foto3-2048x1536.jpg 2048w\" sizes=\"auto, (max-width: 2560px) 100vw, 2560px\" \/><figcaption class=\"wp-element-caption\">EKS 26.10.2023<\/figcaption><\/figure>\n\n\n\n<figure class=\"wp-block-image size-large\"><img loading=\"lazy\" decoding=\"async\" width=\"1355\" height=\"800\" data-id=\"4558\" src=\"https:\/\/pomerania.org.pl\/wp-content\/uploads\/2023\/10\/foto4.jpg\" alt=\"\" class=\"wp-image-4558\" srcset=\"https:\/\/pomerania.org.pl\/wp-content\/uploads\/2023\/10\/foto4.jpg 1355w, https:\/\/pomerania.org.pl\/wp-content\/uploads\/2023\/10\/foto4-300x177.jpg 300w, https:\/\/pomerania.org.pl\/wp-content\/uploads\/2023\/10\/foto4-768x453.jpg 768w\" sizes=\"auto, (max-width: 1355px) 100vw, 1355px\" \/><figcaption class=\"wp-element-caption\">EKS 26.10.2023<\/figcaption><\/figure>\n<\/figure>\n","protected":false},"excerpt":{"rendered":"<p>W dniu 26.10.2023 roku w Szczecinie odby\u0142o si\u0119 czwarte posiedzenie Euroregionalnego Komitetu Steruj\u0105cego Funduszy Ma\u0142ych Projekt\u00f3w Interreg VI A dla\u00a0Celu\u00a0Szczeg\u00f3\u0142owego\u00a04.6 \u201eKultura i zr\u00f3wnowa\u017cona turystyka\u201d\u00a0(Zarz\u0105dzaj\u0105cy \u2013\u00a0Stowarzyszenie Gmin Polskich Euroregionu Pomerania) oraz\u00a0Celu\u00a0Szczeg\u00f3\u0142owego\u00a06.3 \u201eWzmocnienie zaufania\u201d\u00a0\u2013 (Zarz\u0105dzaj\u0105cy\u00a0\u2013\u00a0Kommunalgemeinschaft Pomerania e.V.). Cz\u0142onkowie EKS zatwierdzili kolejne projekty do realizacji udzielaj\u0105c wsparcia z Europejskiego Funduszu Rozwoju Regionalnego w ramach Funduszy Ma\u0142ych Projekt\u00f3w. W [&hellip;]<\/p>\n","protected":false},"author":2,"featured_media":4558,"comment_status":"closed","ping_status":"closed","sticky":false,"template":"","format":"standard","meta":{"footnotes":""},"categories":[25],"tags":[],"class_list":["post-4555","post","type-post","status-publish","format-standard","has-post-thumbnail","hentry","category-fmp"],"post_mailing_queue_ids":[],"_links":{"self":[{"href":"https:\/\/pomerania.org.pl\/index.php?rest_route=\/wp\/v2\/posts\/4555","targetHints":{"allow":["GET"]}}],"collection":[{"href":"https:\/\/pomerania.org.pl\/index.php?rest_route=\/wp\/v2\/posts"}],"about":[{"href":"https:\/\/pomerania.org.pl\/index.php?rest_route=\/wp\/v2\/types\/post"}],"author":[{"embeddable":true,"href":"https:\/\/pomerania.org.pl\/index.php?rest_route=\/wp\/v2\/users\/2"}],"replies":[{"embeddable":true,"href":"https:\/\/pomerania.org.pl\/index.php?rest_route=%2Fwp%2Fv2%2Fcomments&post=4555"}],"version-history":[{"count":1,"href":"https:\/\/pomerania.org.pl\/index.php?rest_route=\/wp\/v2\/posts\/4555\/revisions"}],"predecessor-version":[{"id":4559,"href":"https:\/\/pomerania.org.pl\/index.php?rest_route=\/wp\/v2\/posts\/4555\/revisions\/4559"}],"wp:featuredmedia":[{"embeddable":true,"href":"https:\/\/pomerania.org.pl\/index.php?rest_route=\/wp\/v2\/media\/4558"}],"wp:attachment":[{"href":"https:\/\/pomerania.org.pl\/index.php?rest_route=%2Fwp%2Fv2%2Fmedia&parent=4555"}],"wp:term":[{"taxonomy":"category","embeddable":true,"href":"https:\/\/pomerania.org.pl\/index.php?rest_route=%2Fwp%2Fv2%2Fcategories&post=4555"},{"taxonomy":"post_tag","embeddable":true,"href":"https:\/\/pomerania.org.pl\/index.php?rest_route=%2Fwp%2Fv2%2Ftags&post=4555"}],"curies":[{"name":"wp","href":"https:\/\/api.w.org\/{rel}","templated":true}]}}