{"id":618,"date":"2023-01-19T14:28:13","date_gmt":"2023-01-19T13:28:13","guid":{"rendered":"https:\/\/pomerania.org.pl\/?p=618"},"modified":"2023-01-19T14:31:14","modified_gmt":"2023-01-19T13:31:14","slug":"kolejne-spotkanie-grupy-roboczej-interreg-vi-a","status":"publish","type":"post","link":"https:\/\/pomerania.org.pl\/?p=618","title":{"rendered":"Kolejne spotkanie grupy roboczej Interreg VI A"},"content":{"rendered":"\n<p>W Euroregionie Pomerania \u017cycie obywateli jest \u015bci\u015ble powi\u0105zane z granic\u0105.&nbsp;<\/p>\n\n\n\n<p>W zwi\u0105zku z tym nasza polsko-niemiecko grupa robocza FMP pracuje wytrwale.&nbsp;Dzisiaj temat: wytyczne i opcje bud\u017cetowe.&nbsp;<\/p>\n\n\n\n<p>Pozdrawiamy ciep\u0142o ? tym razem z L\u00f6cknitz.<\/p>\n\n\n\n<figure class=\"wp-block-gallery has-nested-images columns-default is-cropped wp-block-gallery-2 is-layout-flex wp-block-gallery-is-layout-flex\">\n<figure class=\"wp-block-image size-large\"><img loading=\"lazy\" decoding=\"async\" width=\"1024\" height=\"768\" data-id=\"621\" src=\"https:\/\/pomerania.org.pl\/wp-content\/uploads\/2023\/01\/18_01_23-1-1024x768.jpg\" alt=\"\" class=\"wp-image-621\" srcset=\"https:\/\/pomerania.org.pl\/wp-content\/uploads\/2023\/01\/18_01_23-1-1024x768.jpg 1024w, https:\/\/pomerania.org.pl\/wp-content\/uploads\/2023\/01\/18_01_23-1-300x225.jpg 300w, https:\/\/pomerania.org.pl\/wp-content\/uploads\/2023\/01\/18_01_23-1-768x576.jpg 768w, https:\/\/pomerania.org.pl\/wp-content\/uploads\/2023\/01\/18_01_23-1.jpg 1470w\" sizes=\"auto, (max-width: 1024px) 100vw, 1024px\" \/><\/figure>\n\n\n\n<figure class=\"wp-block-image size-large\"><img loading=\"lazy\" decoding=\"async\" width=\"1024\" height=\"768\" data-id=\"622\" src=\"https:\/\/pomerania.org.pl\/wp-content\/uploads\/2023\/01\/18_01_23-2-1-1024x768.jpg\" alt=\"\" class=\"wp-image-622\" srcset=\"https:\/\/pomerania.org.pl\/wp-content\/uploads\/2023\/01\/18_01_23-2-1-1024x768.jpg 1024w, https:\/\/pomerania.org.pl\/wp-content\/uploads\/2023\/01\/18_01_23-2-1-300x225.jpg 300w, https:\/\/pomerania.org.pl\/wp-content\/uploads\/2023\/01\/18_01_23-2-1-768x576.jpg 768w, https:\/\/pomerania.org.pl\/wp-content\/uploads\/2023\/01\/18_01_23-2-1.jpg 1456w\" sizes=\"auto, (max-width: 1024px) 100vw, 1024px\" \/><\/figure>\n\n\n\n<figure class=\"wp-block-image size-large\"><img loading=\"lazy\" decoding=\"async\" width=\"1024\" height=\"768\" data-id=\"623\" src=\"https:\/\/pomerania.org.pl\/wp-content\/uploads\/2023\/01\/18_01_23-3-1024x768.jpg\" alt=\"\" class=\"wp-image-623\" srcset=\"https:\/\/pomerania.org.pl\/wp-content\/uploads\/2023\/01\/18_01_23-3-1024x768.jpg 1024w, https:\/\/pomerania.org.pl\/wp-content\/uploads\/2023\/01\/18_01_23-3-300x225.jpg 300w, https:\/\/pomerania.org.pl\/wp-content\/uploads\/2023\/01\/18_01_23-3-768x576.jpg 768w, https:\/\/pomerania.org.pl\/wp-content\/uploads\/2023\/01\/18_01_23-3-1536x1152.jpg 1536w, https:\/\/pomerania.org.pl\/wp-content\/uploads\/2023\/01\/18_01_23-3.jpg 1599w\" sizes=\"auto, (max-width: 1024px) 100vw, 1024px\" \/><\/figure>\n\n\n\n<figure class=\"wp-block-image size-large is-style-default\"><img loading=\"lazy\" decoding=\"async\" width=\"1199\" height=\"1199\" data-id=\"628\" src=\"https:\/\/pomerania.org.pl\/wp-content\/uploads\/2023\/01\/18_01_23-4-edited.jpg\" alt=\"\" class=\"wp-image-628\" srcset=\"https:\/\/pomerania.org.pl\/wp-content\/uploads\/2023\/01\/18_01_23-4-edited.jpg 1199w, https:\/\/pomerania.org.pl\/wp-content\/uploads\/2023\/01\/18_01_23-4-edited-300x300.jpg 300w, https:\/\/pomerania.org.pl\/wp-content\/uploads\/2023\/01\/18_01_23-4-edited-1024x1024.jpg 1024w, https:\/\/pomerania.org.pl\/wp-content\/uploads\/2023\/01\/18_01_23-4-edited-150x150.jpg 150w, https:\/\/pomerania.org.pl\/wp-content\/uploads\/2023\/01\/18_01_23-4-edited-768x768.jpg 768w\" sizes=\"auto, (max-width: 1199px) 100vw, 1199px\" \/><\/figure>\n<\/figure>\n","protected":false},"excerpt":{"rendered":"<p>W Euroregionie Pomerania \u017cycie obywateli jest \u015bci\u015ble powi\u0105zane z granic\u0105.&nbsp; W zwi\u0105zku z tym nasza polsko-niemiecko grupa robocza FMP pracuje wytrwale.&nbsp;Dzisiaj temat: wytyczne i opcje bud\u017cetowe.&nbsp; Pozdrawiamy ciep\u0142o ? tym razem z L\u00f6cknitz.<\/p>\n","protected":false},"author":1,"featured_media":619,"comment_status":"closed","ping_status":"","sticky":false,"template":"","format":"standard","meta":{"footnotes":""},"categories":[25],"tags":[],"class_list":["post-618","post","type-post","status-publish","format-standard","has-post-thumbnail","hentry","category-fmp"],"post_mailing_queue_ids":[],"_links":{"self":[{"href":"https:\/\/pomerania.org.pl\/index.php?rest_route=\/wp\/v2\/posts\/618","targetHints":{"allow":["GET"]}}],"collection":[{"href":"https:\/\/pomerania.org.pl\/index.php?rest_route=\/wp\/v2\/posts"}],"about":[{"href":"https:\/\/pomerania.org.pl\/index.php?rest_route=\/wp\/v2\/types\/post"}],"author":[{"embeddable":true,"href":"https:\/\/pomerania.org.pl\/index.php?rest_route=\/wp\/v2\/users\/1"}],"replies":[{"embeddable":true,"href":"https:\/\/pomerania.org.pl\/index.php?rest_route=%2Fwp%2Fv2%2Fcomments&post=618"}],"version-history":[{"count":5,"href":"https:\/\/pomerania.org.pl\/index.php?rest_route=\/wp\/v2\/posts\/618\/revisions"}],"predecessor-version":[{"id":629,"href":"https:\/\/pomerania.org.pl\/index.php?rest_route=\/wp\/v2\/posts\/618\/revisions\/629"}],"wp:featuredmedia":[{"embeddable":true,"href":"https:\/\/pomerania.org.pl\/index.php?rest_route=\/wp\/v2\/media\/619"}],"wp:attachment":[{"href":"https:\/\/pomerania.org.pl\/index.php?rest_route=%2Fwp%2Fv2%2Fmedia&parent=618"}],"wp:term":[{"taxonomy":"category","embeddable":true,"href":"https:\/\/pomerania.org.pl\/index.php?rest_route=%2Fwp%2Fv2%2Fcategories&post=618"},{"taxonomy":"post_tag","embeddable":true,"href":"https:\/\/pomerania.org.pl\/index.php?rest_route=%2Fwp%2Fv2%2Ftags&post=618"}],"curies":[{"name":"wp","href":"https:\/\/api.w.org\/{rel}","templated":true}]}}