{"id":6222,"date":"2024-09-27T16:41:39","date_gmt":"2024-09-27T14:41:39","guid":{"rendered":"https:\/\/pomerania.org.pl\/?p=6222"},"modified":"2024-09-27T16:41:40","modified_gmt":"2024-09-27T14:41:40","slug":"kolejne-male-projekty-otrzymaly-dofinansowanie","status":"publish","type":"post","link":"https:\/\/pomerania.org.pl\/?p=6222","title":{"rendered":"Kolejne &#8222;ma\u0142e projekty&#8221;                               otrzyma\u0142y dofinansowanie"},"content":{"rendered":"\n<p>W dniu 25.09.2024 roku odby\u0142o si\u0119 13. posiedzenie Euroregionalnego Komitetu Steruj\u0105cego dla Funduszu Ma\u0142ych Projekt\u00f3w Interreg VI A. Podczas obrad zatwierdzono dofinansowanie dla kolejnych &#8222;ma\u0142ych projekt\u00f3w&#8221;. W CS 4.6 dofinansowanie otrzyma\u0142o 10 projekt\u00f3w na kwot\u0119 278 212,00 EUR EFRR.<\/p>\n\n\n\n<p><\/p>\n\n\n\n<figure class=\"wp-block-image size-large is-resized\"><img loading=\"lazy\" decoding=\"async\" width=\"5000\" height=\"1234\" src=\"https:\/\/pomerania.org.pl\/wp-content\/uploads\/2024\/03\/Int6a_FMP-KPF_Logo_Hintergrund-5000x1234.png\" alt=\"logo FMP Interreg\" class=\"wp-image-5552\" style=\"width:502px;height:auto\" srcset=\"https:\/\/pomerania.org.pl\/wp-content\/uploads\/2024\/03\/Int6a_FMP-KPF_Logo_Hintergrund-5000x1234.png 5000w, https:\/\/pomerania.org.pl\/wp-content\/uploads\/2024\/03\/Int6a_FMP-KPF_Logo_Hintergrund-300x74.png 300w, https:\/\/pomerania.org.pl\/wp-content\/uploads\/2024\/03\/Int6a_FMP-KPF_Logo_Hintergrund-768x190.png 768w, https:\/\/pomerania.org.pl\/wp-content\/uploads\/2024\/03\/Int6a_FMP-KPF_Logo_Hintergrund-1536x379.png 1536w, https:\/\/pomerania.org.pl\/wp-content\/uploads\/2024\/03\/Int6a_FMP-KPF_Logo_Hintergrund-2048x505.png 2048w\" sizes=\"auto, (max-width: 5000px) 100vw, 5000px\" \/><\/figure>\n\n\n\n<p>Lista zatwierdzonych projekt\u00f3w w Celu Szczeg\u00f3\u0142owym 4.6 \u201eKultura i zr\u00f3wnowa\u017cona turystyka&#8221;<\/p>\n\n\n\n<figure class=\"wp-block-table is-style-stripes has-small-font-size\"><table><thead><tr><th>Tytu\u0142 Projektu<\/th><th>Beneficjent projektu<\/th><th>Partner Projektu<\/th><th>Kwota ca\u0142kowita (EUR)<\/th><th>dofinansowanie <br>EFRR (EUR)<\/th><\/tr><\/thead><tbody><tr><td>1884<\/td><td>Filharmonia im. M. Kar\u0142owicza <br>w Szczecinie<\/td><td>Stadt Prenzlau <br>Dominikanerkloster Prenzlau Kulturzentrum und Museum<br><\/td><td>31 929,00<\/td><td>25 543,00<\/td><\/tr><tr><td>Temat Rzeka<\/td><td>Dom Kultury &#8222;13 MUZ&#8221;<\/td><td>Amt Gartz<\/td><td>61 023,00<\/td><td>48 818,00<\/td><\/tr><tr><td>Brzmienie Kultury: <br>Polsko-Niemiecki Koncert Muzyki D\u0119tej<\/td><td>Stargardzkie Stowarzyszenie <br>Jednak Mo\u017cna<\/td><td>Kirchegemeinde Br\u00fcssow\u00a0<\/td><td>44 113,00<\/td><td>35 290,00<\/td><\/tr><tr><td>Domy z Dusz\u0105 na Pograniczu <br>Polsko-Niemieckim &#8211; Archiwum Spo\u0142eczne<\/td><td>Fundacja Razem <br>dla rozwoju obszar\u00f3w wiejskich <\/td><td>Heimatbund <br>\u201eAugust Bartelt\u201d e.V.<\/td><td>24 744,00<\/td><td>19 795,00<\/td><\/tr><tr><td>Polsko-niemiecki transgraniczny <br>projekt artystyczno-edukacyjny <br>pn. &#8222;Impresja Obraz i Muzyka <\/td><td>Stowarzyszenie Akademia<br>Komunikacji Spo\u0142ecznej<\/td><td>Lebendiges Br\u00fcssow\u00a0e.V.<\/td><td>28 244,00<\/td><td>22 595,00<\/td><\/tr><tr><td>KULTURALNE POGRANICZE 3<\/td><td>Stowarzyszenie Zachodniopomorski <br>Klaster Morski\u00a0<\/td><td>Gmina Blankensee<\/td><td>27 238,00<\/td><td>21 790,00<\/td><\/tr><tr><td>Polsko-niemiecki transgraniczny <br>projekt artystyczno-edukacyjny &#8211; <br>&#8222;Msza h-moll&#8221; J.S. Bacha<\/td><td>Stowarzyszenie <br>&#8222;Pro Musica Sacra&#8221;<\/td><td>Verein Kirchenmusik <br>Pasewalk<\/td><td>19 538,00<\/td><td>15 630,00<\/td><\/tr><tr><td>Mi\u0119dzynarodowe Dni Bonhoefferowskie<\/td><td>Parafia Ewangelicko-Augsburska <br>\u201e\u015awi\u0119tej Tr\u00f3jcy\u201d w Szczecinie<\/td><td>Evangelische <br>Kirchengemeinde Penkun<\/td><td>27 401,00<\/td><td>21 920,00<\/td><\/tr><tr><td>Rozw\u00f3j i marketing trangranicznych <br>ofert turystycznych <br>w Euroregionie Pomerania<\/td><td>Gminny O\u015brodek Kultury <br>w Ustroniu Morskim<\/td><td>Regionalpark <br>Barnimer Feldmark e.V.<\/td><td>30 080,00<\/td><td>24 064,00<\/td><\/tr><tr><td>Przejazd historyczn\u0105 lokomotyw\u0105<br> parow\u0105 na polsko-niemieckim obszarze przygranicznym<\/td><td>Amt Gartz (Oder)<\/td><td>\u017begluga Szczeci\u0144ska <br>Turystyka\u00a0Wydarzenia <br>Sp. z o.o.<\/td><td>53 459,00<\/td><td>42 767,00<\/td><\/tr><\/tbody><\/table><\/figure>\n\n\n\n<p><\/p>\n","protected":false},"excerpt":{"rendered":"<p>W dniu 25.09.2024 roku odby\u0142o si\u0119 13. posiedzenie Euroregionalnego Komitetu Steruj\u0105cego dla Funduszu Ma\u0142ych Projekt\u00f3w Interreg VI A. Podczas obrad zatwierdzono dofinansowanie dla kolejnych &#8222;ma\u0142ych projekt\u00f3w&#8221;. W CS 4.6 dofinansowanie otrzyma\u0142o 10 projekt\u00f3w na kwot\u0119 278 212,00 EUR EFRR. Lista zatwierdzonych projekt\u00f3w w Celu Szczeg\u00f3\u0142owym 4.6 \u201eKultura i zr\u00f3wnowa\u017cona turystyka&#8221; Tytu\u0142 Projektu Beneficjent projektu Partner [&hellip;]<\/p>\n","protected":false},"author":2,"featured_media":6224,"comment_status":"closed","ping_status":"closed","sticky":false,"template":"","format":"standard","meta":{"footnotes":""},"categories":[25],"tags":[],"class_list":["post-6222","post","type-post","status-publish","format-standard","has-post-thumbnail","hentry","category-fmp"],"post_mailing_queue_ids":[],"_links":{"self":[{"href":"https:\/\/pomerania.org.pl\/index.php?rest_route=\/wp\/v2\/posts\/6222","targetHints":{"allow":["GET"]}}],"collection":[{"href":"https:\/\/pomerania.org.pl\/index.php?rest_route=\/wp\/v2\/posts"}],"about":[{"href":"https:\/\/pomerania.org.pl\/index.php?rest_route=\/wp\/v2\/types\/post"}],"author":[{"embeddable":true,"href":"https:\/\/pomerania.org.pl\/index.php?rest_route=\/wp\/v2\/users\/2"}],"replies":[{"embeddable":true,"href":"https:\/\/pomerania.org.pl\/index.php?rest_route=%2Fwp%2Fv2%2Fcomments&post=6222"}],"version-history":[{"count":2,"href":"https:\/\/pomerania.org.pl\/index.php?rest_route=\/wp\/v2\/posts\/6222\/revisions"}],"predecessor-version":[{"id":6225,"href":"https:\/\/pomerania.org.pl\/index.php?rest_route=\/wp\/v2\/posts\/6222\/revisions\/6225"}],"wp:featuredmedia":[{"embeddable":true,"href":"https:\/\/pomerania.org.pl\/index.php?rest_route=\/wp\/v2\/media\/6224"}],"wp:attachment":[{"href":"https:\/\/pomerania.org.pl\/index.php?rest_route=%2Fwp%2Fv2%2Fmedia&parent=6222"}],"wp:term":[{"taxonomy":"category","embeddable":true,"href":"https:\/\/pomerania.org.pl\/index.php?rest_route=%2Fwp%2Fv2%2Fcategories&post=6222"},{"taxonomy":"post_tag","embeddable":true,"href":"https:\/\/pomerania.org.pl\/index.php?rest_route=%2Fwp%2Fv2%2Ftags&post=6222"}],"curies":[{"name":"wp","href":"https:\/\/api.w.org\/{rel}","templated":true}]}}