{"id":6710,"date":"2024-12-10T14:28:09","date_gmt":"2024-12-10T13:28:09","guid":{"rendered":"https:\/\/pomerania.org.pl\/?p=6710"},"modified":"2024-12-10T14:28:11","modified_gmt":"2024-12-10T13:28:11","slug":"save-the-date-laboratorium-wymiany-2025","status":"publish","type":"post","link":"https:\/\/pomerania.org.pl\/?p=6710","title":{"rendered":"SAVE-THE-DATE: LABORATORIUM WYMIANY 2025"},"content":{"rendered":"\n<p><strong>31 marca &#8211; 1 kwietnia, Bonn<\/strong><\/p>\n\n\n\n<p>Tym razem zapraszamy Pa\u0144stwa na wiosn\u0119 do Bonn. Nasz Kongres dla polskich i niemieckich nauczycielek i nauczycieli rozpoczniemy ju\u017c w niedziel\u0119 fakultatywnym programem. Kolejne dwa dni wype\u0142ni\u0105 intensywne warsztaty, wymiana do\u015bwiadcze\u0144 oraz pomys\u0142\u00f3w.<\/p>\n\n\n\n<p>Rejestracja na VII Laboratorium Wymiany rozpocznie si\u0119 <strong>8 stycznia 2025 r. o godz. 12:00<\/strong>.<\/p>\n\n\n\n<p>Wi\u0119cej informacji: <a href=\"https:\/\/pnwm.org\/laboratorium-wymiany-2025\/\">https:\/\/pnwm.org\/laboratorium-wymiany-2025\/<\/a><\/p>\n","protected":false},"excerpt":{"rendered":"<p>31 marca &#8211; 1 kwietnia, Bonn Tym razem zapraszamy Pa\u0144stwa na wiosn\u0119 do Bonn. Nasz Kongres dla polskich i niemieckich nauczycielek i nauczycieli rozpoczniemy ju\u017c w niedziel\u0119 fakultatywnym programem. Kolejne dwa dni wype\u0142ni\u0105 intensywne warsztaty, wymiana do\u015bwiadcze\u0144 oraz pomys\u0142\u00f3w. Rejestracja na VII Laboratorium Wymiany rozpocznie si\u0119 8 stycznia 2025 r. o godz. 12:00. Wi\u0119cej informacji: [&hellip;]<\/p>\n","protected":false},"author":1,"featured_media":6711,"comment_status":"closed","ping_status":"closed","sticky":false,"template":"","format":"standard","meta":{"footnotes":""},"categories":[26],"tags":[],"class_list":["post-6710","post","type-post","status-publish","format-standard","has-post-thumbnail","hentry","category-pnwm"],"post_mailing_queue_ids":[],"_links":{"self":[{"href":"https:\/\/pomerania.org.pl\/index.php?rest_route=\/wp\/v2\/posts\/6710","targetHints":{"allow":["GET"]}}],"collection":[{"href":"https:\/\/pomerania.org.pl\/index.php?rest_route=\/wp\/v2\/posts"}],"about":[{"href":"https:\/\/pomerania.org.pl\/index.php?rest_route=\/wp\/v2\/types\/post"}],"author":[{"embeddable":true,"href":"https:\/\/pomerania.org.pl\/index.php?rest_route=\/wp\/v2\/users\/1"}],"replies":[{"embeddable":true,"href":"https:\/\/pomerania.org.pl\/index.php?rest_route=%2Fwp%2Fv2%2Fcomments&post=6710"}],"version-history":[{"count":1,"href":"https:\/\/pomerania.org.pl\/index.php?rest_route=\/wp\/v2\/posts\/6710\/revisions"}],"predecessor-version":[{"id":6712,"href":"https:\/\/pomerania.org.pl\/index.php?rest_route=\/wp\/v2\/posts\/6710\/revisions\/6712"}],"wp:featuredmedia":[{"embeddable":true,"href":"https:\/\/pomerania.org.pl\/index.php?rest_route=\/wp\/v2\/media\/6711"}],"wp:attachment":[{"href":"https:\/\/pomerania.org.pl\/index.php?rest_route=%2Fwp%2Fv2%2Fmedia&parent=6710"}],"wp:term":[{"taxonomy":"category","embeddable":true,"href":"https:\/\/pomerania.org.pl\/index.php?rest_route=%2Fwp%2Fv2%2Fcategories&post=6710"},{"taxonomy":"post_tag","embeddable":true,"href":"https:\/\/pomerania.org.pl\/index.php?rest_route=%2Fwp%2Fv2%2Ftags&post=6710"}],"curies":[{"name":"wp","href":"https:\/\/api.w.org\/{rel}","templated":true}]}}