{"id":7339,"date":"2025-05-16T10:10:38","date_gmt":"2025-05-16T08:10:38","guid":{"rendered":"https:\/\/pomerania.org.pl\/?p=7339"},"modified":"2025-07-23T12:08:43","modified_gmt":"2025-07-23T10:08:43","slug":"piate-warsztaty-prawne-projektu-one-pomerania-prawo-ponad-granicami","status":"publish","type":"post","link":"https:\/\/pomerania.org.pl\/?p=7339","title":{"rendered":"Pi\u0105te warsztaty prawne projektu One Pomerania \u2013 prawo ponad granicami"},"content":{"rendered":"\n<p>W ramach projektu <strong>One Pomerania<\/strong> odby\u0142y si\u0119 pi\u0105te warsztaty prawne, po\u015bwi\u0119cone wyzwaniom zwi\u0105zanym z organizacj\u0105 i funkcjonowaniem <strong>Europejskiego Ugrupowania Wsp\u00f3\u0142pracy Terytorialnej (EUWT)<\/strong>, kt\u00f3rego siedziba statutowa mie\u015bci si\u0119 w Polsce, a sekretariat operacyjny dzia\u0142a po niemieckiej stronie granicy.<\/p>\n\n\n\n<p>Taka ponadnarodowa konstrukcja organizacyjna otwiera wiele mo\u017cliwo\u015bci, ale te\u017c generuje szereg wyzwa\u0144 prawnych i administracyjnych \u2013 od momentu rejestracji ugrupowania, przez codzienne funkcjonowanie, a\u017c po odpowiedzialno\u015b\u0107 prawn\u0105 cz\u0142onk\u00f3w i przedstawicieli.<\/p>\n\n\n\n<p>W trakcie warsztat\u00f3w om\u00f3wiono m.in.:<\/p>\n\n\n\n<ul class=\"wp-block-list\">\n<li>wp\u0142yw krajowych regulacji prawnych na funkcjonowanie EUWT,<\/li>\n\n\n\n<li>znaczenie wyboru lokalizacji siedziby statutowej dla re\u017cimu prawnego ugrupowania,<\/li>\n\n\n\n<li>specyfik\u0119 dzia\u0142ania sekretariatu zlokalizowanego w innym pa\u0144stwie cz\u0142onkowskim UE (w tym przypadku \u2013 w Niemczech),<\/li>\n\n\n\n<li>aspekty zwi\u0105zane z prawem pracy, podatkami oraz reprezentacj\u0105 prawn\u0105 i finansow\u0105.<\/li>\n<\/ul>\n\n\n\n<p>Uczestnicy zgodzili si\u0119, \u017ce mimo z\u0142o\u017cono\u015bci zagadnienia, kluczem do sprawnego dzia\u0142ania EUWT jest jasny podzia\u0142 r\u00f3l: siedziba statutowa w Polsce powinna odpowiada\u0107 za decyzje strategiczne, bud\u017cet i nadz\u00f3r, natomiast sekretariat w Niemczech \u2013 za codzienn\u0105 realizacj\u0119 zada\u0144, wsp\u00f3\u0142prac\u0119 z partnerami lokalnymi oraz koordynacj\u0119 projekt\u00f3w transgranicznych.<\/p>\n\n\n\n<p>Warsztaty zosta\u0142y zrealizowane we wsp\u00f3\u0142pracy z kancelari\u0105 <strong>SLLEGAL Ma\u0142gorzata \u0141\u0119czy\u0144ska-Smoter<\/strong> i stanowi\u0105 element przygotowa\u0144 do utworzenia stabilnej i efektywnej struktury EUWT, odpowiadaj\u0105cej na realne potrzeby regionu oraz wymagania prawne obu kraj\u00f3w.<\/p>\n\n\n\n<div class=\"wp-block-columns is-layout-flex wp-container-core-columns-is-layout-9d6595d7 wp-block-columns-is-layout-flex\">\n<div class=\"wp-block-column is-layout-flow wp-block-column-is-layout-flow\" style=\"flex-basis:50%\"><div class=\"wp-block-image\">\n<figure class=\"aligncenter size-full is-resized\"><img loading=\"lazy\" decoding=\"async\" width=\"2560\" height=\"2560\" src=\"https:\/\/pomerania.org.pl\/wp-content\/uploads\/2025\/03\/logo-bez-tla_3128x3128-scaled.png\" alt=\"\" class=\"wp-image-7488\" style=\"width:109px\" srcset=\"https:\/\/pomerania.org.pl\/wp-content\/uploads\/2025\/03\/logo-bez-tla_3128x3128-scaled.png 2560w, https:\/\/pomerania.org.pl\/wp-content\/uploads\/2025\/03\/logo-bez-tla_3128x3128-300x300.png 300w, https:\/\/pomerania.org.pl\/wp-content\/uploads\/2025\/03\/logo-bez-tla_3128x3128-150x150.png 150w, https:\/\/pomerania.org.pl\/wp-content\/uploads\/2025\/03\/logo-bez-tla_3128x3128-768x768.png 768w, https:\/\/pomerania.org.pl\/wp-content\/uploads\/2025\/03\/logo-bez-tla_3128x3128-1536x1536.png 1536w, https:\/\/pomerania.org.pl\/wp-content\/uploads\/2025\/03\/logo-bez-tla_3128x3128-2048x2048.png 2048w\" sizes=\"auto, (max-width: 2560px) 100vw, 2560px\" \/><\/figure>\n<\/div><\/div>\n\n\n\n<div class=\"wp-block-column is-layout-flow wp-block-column-is-layout-flow\" style=\"flex-basis:50%\">\n<figure class=\"wp-block-image size-full is-resized\"><img loading=\"lazy\" decoding=\"async\" width=\"1024\" height=\"320\" src=\"https:\/\/pomerania.org.pl\/wp-content\/uploads\/2025\/05\/Int6a_Programmlogo_de-pl_2022-09-12_Hintergrund_1024px.jpg\" alt=\"\" class=\"wp-image-7492\" style=\"width:347px\" srcset=\"https:\/\/pomerania.org.pl\/wp-content\/uploads\/2025\/05\/Int6a_Programmlogo_de-pl_2022-09-12_Hintergrund_1024px.jpg 1024w, https:\/\/pomerania.org.pl\/wp-content\/uploads\/2025\/05\/Int6a_Programmlogo_de-pl_2022-09-12_Hintergrund_1024px-300x94.jpg 300w, https:\/\/pomerania.org.pl\/wp-content\/uploads\/2025\/05\/Int6a_Programmlogo_de-pl_2022-09-12_Hintergrund_1024px-768x240.jpg 768w\" sizes=\"auto, (max-width: 1024px) 100vw, 1024px\" \/><\/figure>\n<\/div>\n<\/div>\n\n\n\n<figure class=\"wp-block-gallery has-nested-images columns-default is-cropped wp-block-gallery-2 is-layout-flex wp-block-gallery-is-layout-flex\">\n<figure class=\"wp-block-image size-large\"><img loading=\"lazy\" decoding=\"async\" width=\"1200\" height=\"761\" data-id=\"7344\" src=\"https:\/\/pomerania.org.pl\/wp-content\/uploads\/2025\/05\/IMG-20250516-WA0000-1.jpg\" alt=\"\" class=\"wp-image-7344\" srcset=\"https:\/\/pomerania.org.pl\/wp-content\/uploads\/2025\/05\/IMG-20250516-WA0000-1.jpg 1200w, https:\/\/pomerania.org.pl\/wp-content\/uploads\/2025\/05\/IMG-20250516-WA0000-1-300x190.jpg 300w, https:\/\/pomerania.org.pl\/wp-content\/uploads\/2025\/05\/IMG-20250516-WA0000-1-768x487.jpg 768w\" sizes=\"auto, (max-width: 1200px) 100vw, 1200px\" \/><\/figure>\n\n\n\n<figure class=\"wp-block-image size-large\"><img loading=\"lazy\" decoding=\"async\" width=\"1334\" height=\"1515\" data-id=\"7347\" src=\"https:\/\/pomerania.org.pl\/wp-content\/uploads\/2025\/05\/IMG-20250516-WA0003-1.jpg\" alt=\"\" class=\"wp-image-7347\" srcset=\"https:\/\/pomerania.org.pl\/wp-content\/uploads\/2025\/05\/IMG-20250516-WA0003-1.jpg 1334w, https:\/\/pomerania.org.pl\/wp-content\/uploads\/2025\/05\/IMG-20250516-WA0003-1-264x300.jpg 264w, https:\/\/pomerania.org.pl\/wp-content\/uploads\/2025\/05\/IMG-20250516-WA0003-1-768x872.jpg 768w\" sizes=\"auto, (max-width: 1334px) 100vw, 1334px\" \/><\/figure>\n<\/figure>\n","protected":false},"excerpt":{"rendered":"<p>W ramach projektu One Pomerania odby\u0142y si\u0119 pi\u0105te warsztaty prawne, po\u015bwi\u0119cone wyzwaniom zwi\u0105zanym z organizacj\u0105 i funkcjonowaniem Europejskiego Ugrupowania Wsp\u00f3\u0142pracy Terytorialnej (EUWT), kt\u00f3rego siedziba statutowa mie\u015bci si\u0119 w Polsce, a sekretariat operacyjny dzia\u0142a po niemieckiej stronie granicy. Taka ponadnarodowa konstrukcja organizacyjna otwiera wiele mo\u017cliwo\u015bci, ale te\u017c generuje szereg wyzwa\u0144 prawnych i administracyjnych \u2013 od momentu [&hellip;]<\/p>\n","protected":false},"author":1,"featured_media":7344,"comment_status":"closed","ping_status":"closed","sticky":false,"template":"","format":"standard","meta":{"footnotes":""},"categories":[102],"tags":[],"class_list":["post-7339","post","type-post","status-publish","format-standard","has-post-thumbnail","hentry","category-one-pomerania"],"post_mailing_queue_ids":[],"_links":{"self":[{"href":"https:\/\/pomerania.org.pl\/index.php?rest_route=\/wp\/v2\/posts\/7339","targetHints":{"allow":["GET"]}}],"collection":[{"href":"https:\/\/pomerania.org.pl\/index.php?rest_route=\/wp\/v2\/posts"}],"about":[{"href":"https:\/\/pomerania.org.pl\/index.php?rest_route=\/wp\/v2\/types\/post"}],"author":[{"embeddable":true,"href":"https:\/\/pomerania.org.pl\/index.php?rest_route=\/wp\/v2\/users\/1"}],"replies":[{"embeddable":true,"href":"https:\/\/pomerania.org.pl\/index.php?rest_route=%2Fwp%2Fv2%2Fcomments&post=7339"}],"version-history":[{"count":2,"href":"https:\/\/pomerania.org.pl\/index.php?rest_route=\/wp\/v2\/posts\/7339\/revisions"}],"predecessor-version":[{"id":7493,"href":"https:\/\/pomerania.org.pl\/index.php?rest_route=\/wp\/v2\/posts\/7339\/revisions\/7493"}],"wp:featuredmedia":[{"embeddable":true,"href":"https:\/\/pomerania.org.pl\/index.php?rest_route=\/wp\/v2\/media\/7344"}],"wp:attachment":[{"href":"https:\/\/pomerania.org.pl\/index.php?rest_route=%2Fwp%2Fv2%2Fmedia&parent=7339"}],"wp:term":[{"taxonomy":"category","embeddable":true,"href":"https:\/\/pomerania.org.pl\/index.php?rest_route=%2Fwp%2Fv2%2Fcategories&post=7339"},{"taxonomy":"post_tag","embeddable":true,"href":"https:\/\/pomerania.org.pl\/index.php?rest_route=%2Fwp%2Fv2%2Ftags&post=7339"}],"curies":[{"name":"wp","href":"https:\/\/api.w.org\/{rel}","templated":true}]}}