{"id":7374,"date":"2025-06-06T07:52:33","date_gmt":"2025-06-06T05:52:33","guid":{"rendered":"https:\/\/pomerania.org.pl\/?p=7374"},"modified":"2025-07-23T12:10:57","modified_gmt":"2025-07-23T10:10:57","slug":"szoste-warsztaty-prawne-projektu-interreg-mv-bb-pl-one-pomerania-szczegolowa-analiza-organow-tworzonego-euwt","status":"publish","type":"post","link":"https:\/\/pomerania.org.pl\/?p=7374","title":{"rendered":"Sz\u00f3ste warsztaty prawne projektu Interreg MV\/BB\/PL \u201eOne Pomerania\u201d \u2013 szczeg\u00f3\u0142owa analiza organ\u00f3w tworzonego EUWT"},"content":{"rendered":"\n<p>Szczecin, 4 czerwca 2025 r. \u2013 W Szczecinie odby\u0142y si\u0119 sz\u00f3ste warsztaty prawne w ramach projektu Interreg MV\/BB\/PL \u201eOne Pomerania\u201d. Spotkanie zgromadzi\u0142o przedstawicieli partner\u00f3w projektu z Polski i Niemiec i po\u015bwi\u0119cone by\u0142o om\u00f3wieniu zasad funkcjonowania organ\u00f3w tworzonego Europejskiego Ugrupowania Wsp\u00f3\u0142pracy Terytorialnej (EUWT).<\/p>\n\n\n\n<p>Tematem warsztat\u00f3w by\u0142y trzy kluczowe organy EUWT: Walne Zgromadzenie, Dyrektor oraz Komisja Rewizyjna. Uczestnicy szczeg\u00f3\u0142owo analizowali:<\/p>\n\n\n\n<p>&nbsp;\u2022 zasady powo\u0142ywania, kadencyjno\u015b\u0107 i odwo\u0142ywanie cz\u0142onk\u00f3w organ\u00f3w,<\/p>\n\n\n\n<p>&nbsp;\u2022 zakresy kompetencji i odpowiedzialno\u015bci poszczeg\u00f3lnych organ\u00f3w,<\/p>\n\n\n\n<p>&nbsp;\u2022 relacje mi\u0119dzy organami i przep\u0142yw informacji,<\/p>\n\n\n\n<p>&nbsp;\u2022 reprezentacj\u0119 EUWT na zewn\u0105trz oraz zasady sk\u0142adania o\u015bwiadcze\u0144 woli,<\/p>\n\n\n\n<p>&nbsp;\u2022 procedury kontroli wewn\u0119trznej, audytu i nadzoru,<\/p>\n\n\n\n<p>&nbsp;\u2022 kwestie wynagrodzenia oraz wymogi formalne,<\/p>\n\n\n\n<p>&nbsp;\u2022 zgodno\u015b\u0107 z prawem unijnym, krajowym i statutem EUWT.<\/p>\n\n\n\n<p>Warsztaty poprowadzi\u0142a kancelaria prawna SLLEGAL Smoter \u0141eczy\u0144ska Smoter, kt\u00f3ra od pocz\u0105tku projektu zapewnia wsparcie prawne i koncepcyjne w procesie tworzenia ugrupowania.<\/p>\n\n\n\n<p>Projekt \u201eOne Pomerania\u201d ma na celu utworzenie Europejskiego Ugrupowania Wsp\u00f3\u0142pracy Terytorialnej zrzeszaj\u0105cego partner\u00f3w z wojew\u00f3dztwa zachodniopomorskiego, Meklemburgii-Pomorza Przedniego oraz Brandenburgii, co stworzy stabilne ramy do planowania i realizacji wsp\u00f3lnych dzia\u0142a\u0144 w obszarze transgranicznej wsp\u00f3\u0142pracy.<\/p>\n\n\n\n<div class=\"wp-block-columns is-layout-flex wp-container-core-columns-is-layout-9d6595d7 wp-block-columns-is-layout-flex\">\n<div class=\"wp-block-column is-layout-flow wp-block-column-is-layout-flow\"><div class=\"wp-block-image\">\n<figure class=\"aligncenter size-full is-resized\"><img loading=\"lazy\" decoding=\"async\" width=\"2560\" height=\"2560\" src=\"https:\/\/pomerania.org.pl\/wp-content\/uploads\/2025\/03\/logo-bez-tla_3128x3128-scaled.png\" alt=\"\" class=\"wp-image-7488\" style=\"width:109px\" srcset=\"https:\/\/pomerania.org.pl\/wp-content\/uploads\/2025\/03\/logo-bez-tla_3128x3128-scaled.png 2560w, https:\/\/pomerania.org.pl\/wp-content\/uploads\/2025\/03\/logo-bez-tla_3128x3128-300x300.png 300w, https:\/\/pomerania.org.pl\/wp-content\/uploads\/2025\/03\/logo-bez-tla_3128x3128-150x150.png 150w, https:\/\/pomerania.org.pl\/wp-content\/uploads\/2025\/03\/logo-bez-tla_3128x3128-768x768.png 768w, https:\/\/pomerania.org.pl\/wp-content\/uploads\/2025\/03\/logo-bez-tla_3128x3128-1536x1536.png 1536w, https:\/\/pomerania.org.pl\/wp-content\/uploads\/2025\/03\/logo-bez-tla_3128x3128-2048x2048.png 2048w\" sizes=\"auto, (max-width: 2560px) 100vw, 2560px\" \/><\/figure>\n<\/div><\/div>\n\n\n\n<div class=\"wp-block-column is-layout-flow wp-block-column-is-layout-flow\">\n<figure class=\"wp-block-image size-full is-resized\"><img loading=\"lazy\" decoding=\"async\" width=\"1024\" height=\"320\" src=\"https:\/\/pomerania.org.pl\/wp-content\/uploads\/2025\/05\/Int6a_Programmlogo_de-pl_2022-09-12_Hintergrund_1024px.jpg\" alt=\"\" class=\"wp-image-7492\" style=\"width:347px\" srcset=\"https:\/\/pomerania.org.pl\/wp-content\/uploads\/2025\/05\/Int6a_Programmlogo_de-pl_2022-09-12_Hintergrund_1024px.jpg 1024w, https:\/\/pomerania.org.pl\/wp-content\/uploads\/2025\/05\/Int6a_Programmlogo_de-pl_2022-09-12_Hintergrund_1024px-300x94.jpg 300w, https:\/\/pomerania.org.pl\/wp-content\/uploads\/2025\/05\/Int6a_Programmlogo_de-pl_2022-09-12_Hintergrund_1024px-768x240.jpg 768w\" sizes=\"auto, (max-width: 1024px) 100vw, 1024px\" \/><\/figure>\n<\/div>\n<\/div>\n\n\n\n<figure class=\"wp-block-gallery has-nested-images columns-default is-cropped wp-block-gallery-2 is-layout-flex wp-block-gallery-is-layout-flex\">\n<figure class=\"wp-block-image size-large\"><img loading=\"lazy\" decoding=\"async\" width=\"1200\" height=\"1600\" data-id=\"7380\" src=\"https:\/\/pomerania.org.pl\/wp-content\/uploads\/2025\/06\/IMG-20250605-WA0000.jpg\" alt=\"\" class=\"wp-image-7380\" srcset=\"https:\/\/pomerania.org.pl\/wp-content\/uploads\/2025\/06\/IMG-20250605-WA0000.jpg 1200w, https:\/\/pomerania.org.pl\/wp-content\/uploads\/2025\/06\/IMG-20250605-WA0000-225x300.jpg 225w, https:\/\/pomerania.org.pl\/wp-content\/uploads\/2025\/06\/IMG-20250605-WA0000-768x1024.jpg 768w, https:\/\/pomerania.org.pl\/wp-content\/uploads\/2025\/06\/IMG-20250605-WA0000-1152x1536.jpg 1152w\" sizes=\"auto, (max-width: 1200px) 100vw, 1200px\" \/><\/figure>\n\n\n\n<figure class=\"wp-block-image size-large\"><img loading=\"lazy\" decoding=\"async\" width=\"1600\" height=\"1200\" data-id=\"7375\" src=\"https:\/\/pomerania.org.pl\/wp-content\/uploads\/2025\/06\/IMG-20250605-WA0001.jpg\" alt=\"\" class=\"wp-image-7375\" srcset=\"https:\/\/pomerania.org.pl\/wp-content\/uploads\/2025\/06\/IMG-20250605-WA0001.jpg 1600w, https:\/\/pomerania.org.pl\/wp-content\/uploads\/2025\/06\/IMG-20250605-WA0001-300x225.jpg 300w, https:\/\/pomerania.org.pl\/wp-content\/uploads\/2025\/06\/IMG-20250605-WA0001-768x576.jpg 768w, https:\/\/pomerania.org.pl\/wp-content\/uploads\/2025\/06\/IMG-20250605-WA0001-1536x1152.jpg 1536w\" sizes=\"auto, (max-width: 1600px) 100vw, 1600px\" \/><\/figure>\n\n\n\n<figure class=\"wp-block-image size-large\"><img loading=\"lazy\" decoding=\"async\" width=\"1600\" height=\"1200\" data-id=\"7382\" src=\"https:\/\/pomerania.org.pl\/wp-content\/uploads\/2025\/06\/IMG-20250605-WA0003.jpg\" alt=\"\" class=\"wp-image-7382\" srcset=\"https:\/\/pomerania.org.pl\/wp-content\/uploads\/2025\/06\/IMG-20250605-WA0003.jpg 1600w, https:\/\/pomerania.org.pl\/wp-content\/uploads\/2025\/06\/IMG-20250605-WA0003-300x225.jpg 300w, https:\/\/pomerania.org.pl\/wp-content\/uploads\/2025\/06\/IMG-20250605-WA0003-768x576.jpg 768w, https:\/\/pomerania.org.pl\/wp-content\/uploads\/2025\/06\/IMG-20250605-WA0003-1536x1152.jpg 1536w\" sizes=\"auto, (max-width: 1600px) 100vw, 1600px\" \/><\/figure>\n\n\n\n<figure class=\"wp-block-image size-large\"><img loading=\"lazy\" decoding=\"async\" width=\"1200\" height=\"1600\" data-id=\"7377\" src=\"https:\/\/pomerania.org.pl\/wp-content\/uploads\/2025\/06\/IMG-20250605-WA0004.jpg\" alt=\"\" class=\"wp-image-7377\" srcset=\"https:\/\/pomerania.org.pl\/wp-content\/uploads\/2025\/06\/IMG-20250605-WA0004.jpg 1200w, https:\/\/pomerania.org.pl\/wp-content\/uploads\/2025\/06\/IMG-20250605-WA0004-225x300.jpg 225w, https:\/\/pomerania.org.pl\/wp-content\/uploads\/2025\/06\/IMG-20250605-WA0004-768x1024.jpg 768w, https:\/\/pomerania.org.pl\/wp-content\/uploads\/2025\/06\/IMG-20250605-WA0004-1152x1536.jpg 1152w\" sizes=\"auto, (max-width: 1200px) 100vw, 1200px\" \/><\/figure>\n\n\n\n<figure class=\"wp-block-image size-large\"><img loading=\"lazy\" decoding=\"async\" width=\"1200\" height=\"1600\" data-id=\"7379\" src=\"https:\/\/pomerania.org.pl\/wp-content\/uploads\/2025\/06\/IMG-20250605-WA0005.jpg\" alt=\"\" class=\"wp-image-7379\" srcset=\"https:\/\/pomerania.org.pl\/wp-content\/uploads\/2025\/06\/IMG-20250605-WA0005.jpg 1200w, https:\/\/pomerania.org.pl\/wp-content\/uploads\/2025\/06\/IMG-20250605-WA0005-225x300.jpg 225w, https:\/\/pomerania.org.pl\/wp-content\/uploads\/2025\/06\/IMG-20250605-WA0005-768x1024.jpg 768w, https:\/\/pomerania.org.pl\/wp-content\/uploads\/2025\/06\/IMG-20250605-WA0005-1152x1536.jpg 1152w\" sizes=\"auto, (max-width: 1200px) 100vw, 1200px\" \/><\/figure>\n\n\n\n<figure class=\"wp-block-image size-large\"><img loading=\"lazy\" decoding=\"async\" width=\"1200\" height=\"1600\" data-id=\"7376\" src=\"https:\/\/pomerania.org.pl\/wp-content\/uploads\/2025\/06\/IMG-20250605-WA0006.jpg\" alt=\"\" class=\"wp-image-7376\" srcset=\"https:\/\/pomerania.org.pl\/wp-content\/uploads\/2025\/06\/IMG-20250605-WA0006.jpg 1200w, https:\/\/pomerania.org.pl\/wp-content\/uploads\/2025\/06\/IMG-20250605-WA0006-225x300.jpg 225w, https:\/\/pomerania.org.pl\/wp-content\/uploads\/2025\/06\/IMG-20250605-WA0006-768x1024.jpg 768w, https:\/\/pomerania.org.pl\/wp-content\/uploads\/2025\/06\/IMG-20250605-WA0006-1152x1536.jpg 1152w\" sizes=\"auto, (max-width: 1200px) 100vw, 1200px\" \/><\/figure>\n\n\n\n<figure class=\"wp-block-image size-large\"><img loading=\"lazy\" decoding=\"async\" width=\"1200\" height=\"1600\" data-id=\"7378\" src=\"https:\/\/pomerania.org.pl\/wp-content\/uploads\/2025\/06\/IMG-20250605-WA0007.jpg\" alt=\"\" class=\"wp-image-7378\" srcset=\"https:\/\/pomerania.org.pl\/wp-content\/uploads\/2025\/06\/IMG-20250605-WA0007.jpg 1200w, https:\/\/pomerania.org.pl\/wp-content\/uploads\/2025\/06\/IMG-20250605-WA0007-225x300.jpg 225w, https:\/\/pomerania.org.pl\/wp-content\/uploads\/2025\/06\/IMG-20250605-WA0007-768x1024.jpg 768w, https:\/\/pomerania.org.pl\/wp-content\/uploads\/2025\/06\/IMG-20250605-WA0007-1152x1536.jpg 1152w\" sizes=\"auto, (max-width: 1200px) 100vw, 1200px\" \/><\/figure>\n\n\n\n<figure class=\"wp-block-image size-large\"><img loading=\"lazy\" decoding=\"async\" width=\"1200\" height=\"1600\" data-id=\"7381\" src=\"https:\/\/pomerania.org.pl\/wp-content\/uploads\/2025\/06\/IMG-20250605-WA0008.jpg\" alt=\"\" class=\"wp-image-7381\" srcset=\"https:\/\/pomerania.org.pl\/wp-content\/uploads\/2025\/06\/IMG-20250605-WA0008.jpg 1200w, https:\/\/pomerania.org.pl\/wp-content\/uploads\/2025\/06\/IMG-20250605-WA0008-225x300.jpg 225w, https:\/\/pomerania.org.pl\/wp-content\/uploads\/2025\/06\/IMG-20250605-WA0008-768x1024.jpg 768w, https:\/\/pomerania.org.pl\/wp-content\/uploads\/2025\/06\/IMG-20250605-WA0008-1152x1536.jpg 1152w\" sizes=\"auto, (max-width: 1200px) 100vw, 1200px\" \/><\/figure>\n<\/figure>\n","protected":false},"excerpt":{"rendered":"<p>Szczecin, 4 czerwca 2025 r. \u2013 W Szczecinie odby\u0142y si\u0119 sz\u00f3ste warsztaty prawne w ramach projektu Interreg MV\/BB\/PL \u201eOne Pomerania\u201d. Spotkanie zgromadzi\u0142o przedstawicieli partner\u00f3w projektu z Polski i Niemiec i po\u015bwi\u0119cone by\u0142o om\u00f3wieniu zasad funkcjonowania organ\u00f3w tworzonego Europejskiego Ugrupowania Wsp\u00f3\u0142pracy Terytorialnej (EUWT). Tematem warsztat\u00f3w by\u0142y trzy kluczowe organy EUWT: Walne Zgromadzenie, Dyrektor oraz Komisja Rewizyjna. [&hellip;]<\/p>\n","protected":false},"author":1,"featured_media":7381,"comment_status":"closed","ping_status":"closed","sticky":false,"template":"","format":"standard","meta":{"footnotes":""},"categories":[102],"tags":[],"class_list":["post-7374","post","type-post","status-publish","format-standard","has-post-thumbnail","hentry","category-one-pomerania"],"post_mailing_queue_ids":[],"_links":{"self":[{"href":"https:\/\/pomerania.org.pl\/index.php?rest_route=\/wp\/v2\/posts\/7374","targetHints":{"allow":["GET"]}}],"collection":[{"href":"https:\/\/pomerania.org.pl\/index.php?rest_route=\/wp\/v2\/posts"}],"about":[{"href":"https:\/\/pomerania.org.pl\/index.php?rest_route=\/wp\/v2\/types\/post"}],"author":[{"embeddable":true,"href":"https:\/\/pomerania.org.pl\/index.php?rest_route=\/wp\/v2\/users\/1"}],"replies":[{"embeddable":true,"href":"https:\/\/pomerania.org.pl\/index.php?rest_route=%2Fwp%2Fv2%2Fcomments&post=7374"}],"version-history":[{"count":2,"href":"https:\/\/pomerania.org.pl\/index.php?rest_route=\/wp\/v2\/posts\/7374\/revisions"}],"predecessor-version":[{"id":7495,"href":"https:\/\/pomerania.org.pl\/index.php?rest_route=\/wp\/v2\/posts\/7374\/revisions\/7495"}],"wp:featuredmedia":[{"embeddable":true,"href":"https:\/\/pomerania.org.pl\/index.php?rest_route=\/wp\/v2\/media\/7381"}],"wp:attachment":[{"href":"https:\/\/pomerania.org.pl\/index.php?rest_route=%2Fwp%2Fv2%2Fmedia&parent=7374"}],"wp:term":[{"taxonomy":"category","embeddable":true,"href":"https:\/\/pomerania.org.pl\/index.php?rest_route=%2Fwp%2Fv2%2Fcategories&post=7374"},{"taxonomy":"post_tag","embeddable":true,"href":"https:\/\/pomerania.org.pl\/index.php?rest_route=%2Fwp%2Fv2%2Ftags&post=7374"}],"curies":[{"name":"wp","href":"https:\/\/api.w.org\/{rel}","templated":true}]}}