{"id":7408,"date":"2025-06-17T11:35:25","date_gmt":"2025-06-17T09:35:25","guid":{"rendered":"https:\/\/pomerania.org.pl\/?p=7408"},"modified":"2025-07-23T12:11:46","modified_gmt":"2025-07-23T10:11:46","slug":"podroz-studyjna-do-europejskiego-zgrupowania-wspolpracy-terytorialnej-galicja-polnocna-portugalia-w-ramach-projektu-the-one-and-only-pomerania","status":"publish","type":"post","link":"https:\/\/pomerania.org.pl\/?p=7408","title":{"rendered":"Podr\u00f3\u017c studyjna do Europejskiego Zgrupowania Wsp\u00f3\u0142pracy Terytorialnej Galicja \u2013 P\u00f3\u0142nocna Portugalia w ramach projektu \u201eThe one and only Pomerania\u201d"},"content":{"rendered":"\n<p>W dniach 10\u201314 czerwca 2025 roku odby\u0142a si\u0119 podr\u00f3\u017c studyjna przedstawicieli Euroregionu Pomerania do siedziby Europejskiego Ugrupowania Wsp\u00f3\u0142pracy Terytorialnej Galicja \u2013 P\u00f3\u0142nocna Portugalia (EUWT GNP) w hiszpa\u0144skim Vigo. Wyjazd zorganizowano w ramach projektu INT0100007 \u201eThe one and only Pomerania \u2013 Analiza na rzecz rozwoju transgranicznego w Euroregionie Pomerania\u201d.<\/p>\n\n\n\n<p>Podczas wizyty uczestnicy mieli okazj\u0119 zapozna\u0107 si\u0119 z dzia\u0142alno\u015bci\u0105 i do\u015bwiadczeniem EUWT GNP w zakresie wsp\u00f3\u0142pracy transgranicznej mi\u0119dzy Galicj\u0105 a p\u00f3\u0142nocn\u0105 Portugali\u0105. W programie znalaz\u0142y si\u0119 liczne prezentacje, referaty i dyskusje, obejmuj\u0105ce m.in. aspekty organizacyjne, prawne i finansowe funkcjonowania EUWT, a tak\u017ce konkretne projekty realizowane przez t\u0119 struktur\u0119.<\/p>\n\n\n\n<p>Szczeg\u00f3lnym punktem programu by\u0142y r\u00f3wnie\u017c prezentacje do\u015bwiadcze\u0144 innych Europejskich Ugrupowa\u0144 Wsp\u00f3\u0142pracy Terytorialnej z regionu przygranicznego Portugalii i Hiszpanii: Chaves-Ver\u00edn, R\u00edo Minho oraz Ger\u00eas-Xur\u00e9s. Spotkania stanowi\u0142y cenn\u0105 platform\u0119 wymiany wiedzy i dobrych praktyk pomi\u0119dzy partnerami z r\u00f3\u017cnych obszar\u00f3w przygranicznych Europy.<\/p>\n\n\n\n<p>Wa\u017cnym elementem wizyty by\u0142y tak\u017ce nieformalne rozmowy i networking, m.in. podczas zwiedzania Vigo oraz wycieczki na malownicze Wyspy C\u00edes w Parku Narodowym Islas Atl\u00e1nticas.<\/p>\n\n\n\n<div class=\"wp-block-columns is-layout-flex wp-container-core-columns-is-layout-9d6595d7 wp-block-columns-is-layout-flex\">\n<div class=\"wp-block-column is-layout-flow wp-block-column-is-layout-flow\"><div class=\"wp-block-image\">\n<figure class=\"aligncenter size-full is-resized\"><img loading=\"lazy\" decoding=\"async\" width=\"2560\" height=\"2560\" src=\"https:\/\/pomerania.org.pl\/wp-content\/uploads\/2025\/03\/logo-bez-tla_3128x3128-scaled.png\" alt=\"\" class=\"wp-image-7488\" style=\"width:109px\" srcset=\"https:\/\/pomerania.org.pl\/wp-content\/uploads\/2025\/03\/logo-bez-tla_3128x3128-scaled.png 2560w, https:\/\/pomerania.org.pl\/wp-content\/uploads\/2025\/03\/logo-bez-tla_3128x3128-300x300.png 300w, https:\/\/pomerania.org.pl\/wp-content\/uploads\/2025\/03\/logo-bez-tla_3128x3128-150x150.png 150w, https:\/\/pomerania.org.pl\/wp-content\/uploads\/2025\/03\/logo-bez-tla_3128x3128-768x768.png 768w, https:\/\/pomerania.org.pl\/wp-content\/uploads\/2025\/03\/logo-bez-tla_3128x3128-1536x1536.png 1536w, https:\/\/pomerania.org.pl\/wp-content\/uploads\/2025\/03\/logo-bez-tla_3128x3128-2048x2048.png 2048w\" sizes=\"auto, (max-width: 2560px) 100vw, 2560px\" \/><\/figure>\n<\/div><\/div>\n\n\n\n<div class=\"wp-block-column is-layout-flow wp-block-column-is-layout-flow\">\n<figure class=\"wp-block-image size-full is-resized\"><img loading=\"lazy\" decoding=\"async\" width=\"1024\" height=\"320\" src=\"https:\/\/pomerania.org.pl\/wp-content\/uploads\/2025\/05\/Int6a_Programmlogo_de-pl_2022-09-12_Hintergrund_1024px.jpg\" alt=\"\" class=\"wp-image-7492\" style=\"width:347px\" srcset=\"https:\/\/pomerania.org.pl\/wp-content\/uploads\/2025\/05\/Int6a_Programmlogo_de-pl_2022-09-12_Hintergrund_1024px.jpg 1024w, https:\/\/pomerania.org.pl\/wp-content\/uploads\/2025\/05\/Int6a_Programmlogo_de-pl_2022-09-12_Hintergrund_1024px-300x94.jpg 300w, https:\/\/pomerania.org.pl\/wp-content\/uploads\/2025\/05\/Int6a_Programmlogo_de-pl_2022-09-12_Hintergrund_1024px-768x240.jpg 768w\" sizes=\"auto, (max-width: 1024px) 100vw, 1024px\" \/><\/figure>\n<\/div>\n<\/div>\n\n\n\n<figure class=\"wp-block-gallery has-nested-images columns-default is-cropped wp-block-gallery-2 is-layout-flex wp-block-gallery-is-layout-flex\">\n<figure class=\"wp-block-image size-large\"><img loading=\"lazy\" decoding=\"async\" width=\"1125\" height=\"753\" data-id=\"7413\" src=\"https:\/\/pomerania.org.pl\/wp-content\/uploads\/2025\/06\/IMG-20250616-WA0007.jpg\" alt=\"\" class=\"wp-image-7413\" srcset=\"https:\/\/pomerania.org.pl\/wp-content\/uploads\/2025\/06\/IMG-20250616-WA0007.jpg 1125w, https:\/\/pomerania.org.pl\/wp-content\/uploads\/2025\/06\/IMG-20250616-WA0007-300x201.jpg 300w, https:\/\/pomerania.org.pl\/wp-content\/uploads\/2025\/06\/IMG-20250616-WA0007-768x514.jpg 768w\" sizes=\"auto, (max-width: 1125px) 100vw, 1125px\" \/><\/figure>\n\n\n\n<figure class=\"wp-block-image size-large\"><img loading=\"lazy\" decoding=\"async\" width=\"1600\" height=\"1200\" data-id=\"7416\" src=\"https:\/\/pomerania.org.pl\/wp-content\/uploads\/2025\/06\/IMG-20250616-WA0010.jpg\" alt=\"\" class=\"wp-image-7416\" srcset=\"https:\/\/pomerania.org.pl\/wp-content\/uploads\/2025\/06\/IMG-20250616-WA0010.jpg 1600w, https:\/\/pomerania.org.pl\/wp-content\/uploads\/2025\/06\/IMG-20250616-WA0010-300x225.jpg 300w, https:\/\/pomerania.org.pl\/wp-content\/uploads\/2025\/06\/IMG-20250616-WA0010-768x576.jpg 768w, https:\/\/pomerania.org.pl\/wp-content\/uploads\/2025\/06\/IMG-20250616-WA0010-1536x1152.jpg 1536w\" sizes=\"auto, (max-width: 1600px) 100vw, 1600px\" \/><\/figure>\n\n\n\n<figure class=\"wp-block-image size-large\"><img loading=\"lazy\" decoding=\"async\" width=\"1600\" height=\"1200\" data-id=\"7415\" src=\"https:\/\/pomerania.org.pl\/wp-content\/uploads\/2025\/06\/IMG-20250616-WA0009.jpg\" alt=\"\" class=\"wp-image-7415\" srcset=\"https:\/\/pomerania.org.pl\/wp-content\/uploads\/2025\/06\/IMG-20250616-WA0009.jpg 1600w, https:\/\/pomerania.org.pl\/wp-content\/uploads\/2025\/06\/IMG-20250616-WA0009-300x225.jpg 300w, https:\/\/pomerania.org.pl\/wp-content\/uploads\/2025\/06\/IMG-20250616-WA0009-768x576.jpg 768w, https:\/\/pomerania.org.pl\/wp-content\/uploads\/2025\/06\/IMG-20250616-WA0009-1536x1152.jpg 1536w\" sizes=\"auto, (max-width: 1600px) 100vw, 1600px\" \/><\/figure>\n\n\n\n<figure class=\"wp-block-image size-large\"><img loading=\"lazy\" decoding=\"async\" width=\"1200\" height=\"1600\" data-id=\"7414\" src=\"https:\/\/pomerania.org.pl\/wp-content\/uploads\/2025\/06\/IMG-20250616-WA0008.jpg\" alt=\"\" class=\"wp-image-7414\" srcset=\"https:\/\/pomerania.org.pl\/wp-content\/uploads\/2025\/06\/IMG-20250616-WA0008.jpg 1200w, https:\/\/pomerania.org.pl\/wp-content\/uploads\/2025\/06\/IMG-20250616-WA0008-225x300.jpg 225w, https:\/\/pomerania.org.pl\/wp-content\/uploads\/2025\/06\/IMG-20250616-WA0008-768x1024.jpg 768w, https:\/\/pomerania.org.pl\/wp-content\/uploads\/2025\/06\/IMG-20250616-WA0008-1152x1536.jpg 1152w\" sizes=\"auto, (max-width: 1200px) 100vw, 1200px\" \/><\/figure>\n\n\n\n<figure class=\"wp-block-image size-large\"><img loading=\"lazy\" decoding=\"async\" width=\"1070\" height=\"1600\" data-id=\"7411\" src=\"https:\/\/pomerania.org.pl\/wp-content\/uploads\/2025\/06\/IMG-20250616-WA0005.jpg\" alt=\"\" class=\"wp-image-7411\" srcset=\"https:\/\/pomerania.org.pl\/wp-content\/uploads\/2025\/06\/IMG-20250616-WA0005.jpg 1070w, https:\/\/pomerania.org.pl\/wp-content\/uploads\/2025\/06\/IMG-20250616-WA0005-201x300.jpg 201w, https:\/\/pomerania.org.pl\/wp-content\/uploads\/2025\/06\/IMG-20250616-WA0005-768x1148.jpg 768w, https:\/\/pomerania.org.pl\/wp-content\/uploads\/2025\/06\/IMG-20250616-WA0005-1027x1536.jpg 1027w\" sizes=\"auto, (max-width: 1070px) 100vw, 1070px\" \/><\/figure>\n\n\n\n<figure class=\"wp-block-image size-large\"><img loading=\"lazy\" decoding=\"async\" width=\"1200\" height=\"1600\" data-id=\"7409\" src=\"https:\/\/pomerania.org.pl\/wp-content\/uploads\/2025\/06\/IMG-20250616-WA0003.jpg\" alt=\"\" class=\"wp-image-7409\" srcset=\"https:\/\/pomerania.org.pl\/wp-content\/uploads\/2025\/06\/IMG-20250616-WA0003.jpg 1200w, https:\/\/pomerania.org.pl\/wp-content\/uploads\/2025\/06\/IMG-20250616-WA0003-225x300.jpg 225w, https:\/\/pomerania.org.pl\/wp-content\/uploads\/2025\/06\/IMG-20250616-WA0003-768x1024.jpg 768w, https:\/\/pomerania.org.pl\/wp-content\/uploads\/2025\/06\/IMG-20250616-WA0003-1152x1536.jpg 1152w\" sizes=\"auto, (max-width: 1200px) 100vw, 1200px\" \/><\/figure>\n\n\n\n<figure class=\"wp-block-image size-large\"><img loading=\"lazy\" decoding=\"async\" width=\"1125\" height=\"753\" data-id=\"7412\" src=\"https:\/\/pomerania.org.pl\/wp-content\/uploads\/2025\/06\/IMG-20250616-WA0006.jpg\" alt=\"\" class=\"wp-image-7412\" srcset=\"https:\/\/pomerania.org.pl\/wp-content\/uploads\/2025\/06\/IMG-20250616-WA0006.jpg 1125w, https:\/\/pomerania.org.pl\/wp-content\/uploads\/2025\/06\/IMG-20250616-WA0006-300x201.jpg 300w, https:\/\/pomerania.org.pl\/wp-content\/uploads\/2025\/06\/IMG-20250616-WA0006-768x514.jpg 768w\" sizes=\"auto, (max-width: 1125px) 100vw, 1125px\" \/><\/figure>\n\n\n\n<figure class=\"wp-block-image size-large\"><img loading=\"lazy\" decoding=\"async\" width=\"1125\" height=\"753\" data-id=\"7410\" src=\"https:\/\/pomerania.org.pl\/wp-content\/uploads\/2025\/06\/IMG-20250616-WA0004.jpg\" alt=\"\" class=\"wp-image-7410\" srcset=\"https:\/\/pomerania.org.pl\/wp-content\/uploads\/2025\/06\/IMG-20250616-WA0004.jpg 1125w, https:\/\/pomerania.org.pl\/wp-content\/uploads\/2025\/06\/IMG-20250616-WA0004-300x201.jpg 300w, https:\/\/pomerania.org.pl\/wp-content\/uploads\/2025\/06\/IMG-20250616-WA0004-768x514.jpg 768w\" sizes=\"auto, (max-width: 1125px) 100vw, 1125px\" \/><\/figure>\n<\/figure>\n","protected":false},"excerpt":{"rendered":"<p>W dniach 10\u201314 czerwca 2025 roku odby\u0142a si\u0119 podr\u00f3\u017c studyjna przedstawicieli Euroregionu Pomerania do siedziby Europejskiego Ugrupowania Wsp\u00f3\u0142pracy Terytorialnej Galicja \u2013 P\u00f3\u0142nocna Portugalia (EUWT GNP) w hiszpa\u0144skim Vigo. Wyjazd zorganizowano w ramach projektu INT0100007 \u201eThe one and only Pomerania \u2013 Analiza na rzecz rozwoju transgranicznego w Euroregionie Pomerania\u201d. Podczas wizyty uczestnicy mieli okazj\u0119 zapozna\u0107 si\u0119 [&hellip;]<\/p>\n","protected":false},"author":1,"featured_media":7410,"comment_status":"closed","ping_status":"closed","sticky":false,"template":"","format":"standard","meta":{"footnotes":""},"categories":[102],"tags":[],"class_list":["post-7408","post","type-post","status-publish","format-standard","has-post-thumbnail","hentry","category-one-pomerania"],"post_mailing_queue_ids":[],"_links":{"self":[{"href":"https:\/\/pomerania.org.pl\/index.php?rest_route=\/wp\/v2\/posts\/7408","targetHints":{"allow":["GET"]}}],"collection":[{"href":"https:\/\/pomerania.org.pl\/index.php?rest_route=\/wp\/v2\/posts"}],"about":[{"href":"https:\/\/pomerania.org.pl\/index.php?rest_route=\/wp\/v2\/types\/post"}],"author":[{"embeddable":true,"href":"https:\/\/pomerania.org.pl\/index.php?rest_route=\/wp\/v2\/users\/1"}],"replies":[{"embeddable":true,"href":"https:\/\/pomerania.org.pl\/index.php?rest_route=%2Fwp%2Fv2%2Fcomments&post=7408"}],"version-history":[{"count":2,"href":"https:\/\/pomerania.org.pl\/index.php?rest_route=\/wp\/v2\/posts\/7408\/revisions"}],"predecessor-version":[{"id":7496,"href":"https:\/\/pomerania.org.pl\/index.php?rest_route=\/wp\/v2\/posts\/7408\/revisions\/7496"}],"wp:featuredmedia":[{"embeddable":true,"href":"https:\/\/pomerania.org.pl\/index.php?rest_route=\/wp\/v2\/media\/7410"}],"wp:attachment":[{"href":"https:\/\/pomerania.org.pl\/index.php?rest_route=%2Fwp%2Fv2%2Fmedia&parent=7408"}],"wp:term":[{"taxonomy":"category","embeddable":true,"href":"https:\/\/pomerania.org.pl\/index.php?rest_route=%2Fwp%2Fv2%2Fcategories&post=7408"},{"taxonomy":"post_tag","embeddable":true,"href":"https:\/\/pomerania.org.pl\/index.php?rest_route=%2Fwp%2Fv2%2Ftags&post=7408"}],"curies":[{"name":"wp","href":"https:\/\/api.w.org\/{rel}","templated":true}]}}