{"id":7418,"date":"2025-06-17T11:47:35","date_gmt":"2025-06-17T09:47:35","guid":{"rendered":"https:\/\/pomerania.org.pl\/?p=7418"},"modified":"2025-06-17T11:49:28","modified_gmt":"2025-06-17T09:49:28","slug":"studienreise-zum-europaischen-verbund-fur-territoriale-zusammenarbeit-galicien-nordportugal-im-rahmen-des-projekts-the-one-and-only-pomerania","status":"publish","type":"post","link":"https:\/\/pomerania.org.pl\/?p=7418&lang=de","title":{"rendered":"Studienreise zum Europ\u00e4ischen Verbund f\u00fcr territoriale Zusammenarbeit Galicien \u2013 Nordportugal im Rahmen des Projekts \u201eThe one and only Pomerania\u201c"},"content":{"rendered":"\n<p>Vom 10. bis 14. Juni 2025 fand eine Studienreise von Vertretern der Euroregion Pomerania zum Sitz des Europ\u00e4ischen Verbunds f\u00fcr territoriale Zusammenarbeit Galicien \u2013 Nordportugal (EVTZ GNP) im spanischen Vigo statt. Die Reise wurde im Rahmen des Projekts INT0100007 \u201eThe one and only Pomerania \u2013 Analyse zur grenz\u00fcberschreitenden Entwicklung in der Euroregion Pomerania\u201c organisiert.<\/p>\n\n\n\n<p>W\u00e4hrend des Besuchs erhielten die Teilnehmer einen umfassenden Einblick in die Arbeit und Erfahrungen des EVTZ GNP im Bereich der grenz\u00fcberschreitenden Zusammenarbeit zwischen Galicien und Nordportugal. Auf dem Programm standen zahlreiche Pr\u00e4sentationen, Fachvortr\u00e4ge und Diskussionen zu den organisatorischen, rechtlichen und finanziellen Aspekten des EVTZ sowie zu den laufenden Projekten der Einrichtung.<\/p>\n\n\n\n<p>Ein besonderer Programmpunkt waren die Erfahrungsberichte weiterer Europ\u00e4ischer Verb\u00fcnde f\u00fcr territoriale Zusammenarbeit aus der portugiesisch-spanischen Grenzregion: Chaves-Ver\u00edn, R\u00edo Minho sowie Ger\u00eas-Xur\u00e9s. Die Treffen boten eine wertvolle Plattform f\u00fcr den Austausch von Wissen und Best Practices zwischen Partnern aus verschiedenen europ\u00e4ischen Grenzregionen.<\/p>\n\n\n\n<p>Erg\u00e4nzt wurde das Programm durch informelle Gespr\u00e4che und Networking, u.a. bei einer Stadtf\u00fchrung in Vigo sowie bei einem Ausflug auf die malerischen C\u00edes-Inseln im Nationalpark Islas Atl\u00e1nticas.<\/p>\n\n\n\n<figure class=\"wp-block-gallery has-nested-images columns-default is-cropped wp-block-gallery-2 is-layout-flex wp-block-gallery-is-layout-flex\">\n<figure class=\"wp-block-image size-large\"><img loading=\"lazy\" decoding=\"async\" width=\"1125\" height=\"753\" data-id=\"7420\" src=\"https:\/\/pomerania.org.pl\/wp-content\/uploads\/2025\/06\/IMG-20250616-WA0004-1.jpg\" alt=\"\" class=\"wp-image-7420\" srcset=\"https:\/\/pomerania.org.pl\/wp-content\/uploads\/2025\/06\/IMG-20250616-WA0004-1.jpg 1125w, https:\/\/pomerania.org.pl\/wp-content\/uploads\/2025\/06\/IMG-20250616-WA0004-1-300x201.jpg 300w, https:\/\/pomerania.org.pl\/wp-content\/uploads\/2025\/06\/IMG-20250616-WA0004-1-768x514.jpg 768w\" sizes=\"auto, (max-width: 1125px) 100vw, 1125px\" \/><\/figure>\n\n\n\n<figure class=\"wp-block-image size-large\"><img loading=\"lazy\" decoding=\"async\" width=\"1125\" height=\"753\" data-id=\"7422\" src=\"https:\/\/pomerania.org.pl\/wp-content\/uploads\/2025\/06\/IMG-20250616-WA0006-1.jpg\" alt=\"\" class=\"wp-image-7422\" srcset=\"https:\/\/pomerania.org.pl\/wp-content\/uploads\/2025\/06\/IMG-20250616-WA0006-1.jpg 1125w, https:\/\/pomerania.org.pl\/wp-content\/uploads\/2025\/06\/IMG-20250616-WA0006-1-300x201.jpg 300w, https:\/\/pomerania.org.pl\/wp-content\/uploads\/2025\/06\/IMG-20250616-WA0006-1-768x514.jpg 768w\" sizes=\"auto, (max-width: 1125px) 100vw, 1125px\" \/><\/figure>\n\n\n\n<figure class=\"wp-block-image size-large\"><img loading=\"lazy\" decoding=\"async\" width=\"1125\" height=\"753\" data-id=\"7423\" src=\"https:\/\/pomerania.org.pl\/wp-content\/uploads\/2025\/06\/IMG-20250616-WA0007-1.jpg\" alt=\"\" class=\"wp-image-7423\" srcset=\"https:\/\/pomerania.org.pl\/wp-content\/uploads\/2025\/06\/IMG-20250616-WA0007-1.jpg 1125w, https:\/\/pomerania.org.pl\/wp-content\/uploads\/2025\/06\/IMG-20250616-WA0007-1-300x201.jpg 300w, https:\/\/pomerania.org.pl\/wp-content\/uploads\/2025\/06\/IMG-20250616-WA0007-1-768x514.jpg 768w\" sizes=\"auto, (max-width: 1125px) 100vw, 1125px\" \/><\/figure>\n\n\n\n<figure class=\"wp-block-image size-large\"><img loading=\"lazy\" decoding=\"async\" width=\"1600\" height=\"1200\" data-id=\"7426\" src=\"https:\/\/pomerania.org.pl\/wp-content\/uploads\/2025\/06\/IMG-20250616-WA0010-1.jpg\" alt=\"\" class=\"wp-image-7426\" srcset=\"https:\/\/pomerania.org.pl\/wp-content\/uploads\/2025\/06\/IMG-20250616-WA0010-1.jpg 1600w, https:\/\/pomerania.org.pl\/wp-content\/uploads\/2025\/06\/IMG-20250616-WA0010-1-300x225.jpg 300w, https:\/\/pomerania.org.pl\/wp-content\/uploads\/2025\/06\/IMG-20250616-WA0010-1-768x576.jpg 768w, https:\/\/pomerania.org.pl\/wp-content\/uploads\/2025\/06\/IMG-20250616-WA0010-1-1536x1152.jpg 1536w\" sizes=\"auto, (max-width: 1600px) 100vw, 1600px\" \/><\/figure>\n\n\n\n<figure class=\"wp-block-image size-large\"><img loading=\"lazy\" decoding=\"async\" width=\"1600\" height=\"1200\" data-id=\"7425\" src=\"https:\/\/pomerania.org.pl\/wp-content\/uploads\/2025\/06\/IMG-20250616-WA0009-1.jpg\" alt=\"\" class=\"wp-image-7425\" srcset=\"https:\/\/pomerania.org.pl\/wp-content\/uploads\/2025\/06\/IMG-20250616-WA0009-1.jpg 1600w, https:\/\/pomerania.org.pl\/wp-content\/uploads\/2025\/06\/IMG-20250616-WA0009-1-300x225.jpg 300w, https:\/\/pomerania.org.pl\/wp-content\/uploads\/2025\/06\/IMG-20250616-WA0009-1-768x576.jpg 768w, https:\/\/pomerania.org.pl\/wp-content\/uploads\/2025\/06\/IMG-20250616-WA0009-1-1536x1152.jpg 1536w\" sizes=\"auto, (max-width: 1600px) 100vw, 1600px\" \/><\/figure>\n\n\n\n<figure class=\"wp-block-image size-large\"><img loading=\"lazy\" decoding=\"async\" width=\"1070\" height=\"803\" data-id=\"7427\" src=\"https:\/\/pomerania.org.pl\/wp-content\/uploads\/2025\/06\/IMG-20250616-WA0005-1-edited.jpg\" alt=\"\" class=\"wp-image-7427\" srcset=\"https:\/\/pomerania.org.pl\/wp-content\/uploads\/2025\/06\/IMG-20250616-WA0005-1-edited.jpg 1070w, https:\/\/pomerania.org.pl\/wp-content\/uploads\/2025\/06\/IMG-20250616-WA0005-1-edited-300x225.jpg 300w, https:\/\/pomerania.org.pl\/wp-content\/uploads\/2025\/06\/IMG-20250616-WA0005-1-edited-768x576.jpg 768w\" sizes=\"auto, (max-width: 1070px) 100vw, 1070px\" \/><\/figure>\n\n\n\n<figure class=\"wp-block-image size-large\"><img loading=\"lazy\" decoding=\"async\" width=\"1200\" height=\"1600\" data-id=\"7424\" src=\"https:\/\/pomerania.org.pl\/wp-content\/uploads\/2025\/06\/IMG-20250616-WA0008-1.jpg\" alt=\"\" class=\"wp-image-7424\" srcset=\"https:\/\/pomerania.org.pl\/wp-content\/uploads\/2025\/06\/IMG-20250616-WA0008-1.jpg 1200w, https:\/\/pomerania.org.pl\/wp-content\/uploads\/2025\/06\/IMG-20250616-WA0008-1-225x300.jpg 225w, https:\/\/pomerania.org.pl\/wp-content\/uploads\/2025\/06\/IMG-20250616-WA0008-1-768x1024.jpg 768w, https:\/\/pomerania.org.pl\/wp-content\/uploads\/2025\/06\/IMG-20250616-WA0008-1-1152x1536.jpg 1152w\" sizes=\"auto, (max-width: 1200px) 100vw, 1200px\" \/><\/figure>\n\n\n\n<figure class=\"wp-block-image size-large\"><img loading=\"lazy\" decoding=\"async\" width=\"1200\" height=\"1600\" data-id=\"7419\" src=\"https:\/\/pomerania.org.pl\/wp-content\/uploads\/2025\/06\/IMG-20250616-WA0003-1.jpg\" alt=\"\" class=\"wp-image-7419\" srcset=\"https:\/\/pomerania.org.pl\/wp-content\/uploads\/2025\/06\/IMG-20250616-WA0003-1.jpg 1200w, https:\/\/pomerania.org.pl\/wp-content\/uploads\/2025\/06\/IMG-20250616-WA0003-1-225x300.jpg 225w, https:\/\/pomerania.org.pl\/wp-content\/uploads\/2025\/06\/IMG-20250616-WA0003-1-768x1024.jpg 768w, https:\/\/pomerania.org.pl\/wp-content\/uploads\/2025\/06\/IMG-20250616-WA0003-1-1152x1536.jpg 1152w\" sizes=\"auto, (max-width: 1200px) 100vw, 1200px\" \/><\/figure>\n<\/figure>\n","protected":false},"excerpt":{"rendered":"<p>Vom 10. bis 14. Juni 2025 fand eine Studienreise von Vertretern der Euroregion Pomerania zum Sitz des Europ\u00e4ischen Verbunds f\u00fcr territoriale Zusammenarbeit Galicien \u2013 Nordportugal (EVTZ GNP) im spanischen Vigo statt. Die Reise wurde im Rahmen des Projekts INT0100007 \u201eThe one and only Pomerania \u2013 Analyse zur grenz\u00fcberschreitenden Entwicklung in der Euroregion Pomerania\u201c organisiert. W\u00e4hrend [&hellip;]<\/p>\n","protected":false},"author":1,"featured_media":7410,"comment_status":"closed","ping_status":"closed","sticky":false,"template":"","format":"standard","meta":{"footnotes":""},"categories":[104],"tags":[],"class_list":["post-7418","post","type-post","status-publish","format-standard","has-post-thumbnail","hentry","category-one-pomerania-de"],"post_mailing_queue_ids":[],"_links":{"self":[{"href":"https:\/\/pomerania.org.pl\/index.php?rest_route=\/wp\/v2\/posts\/7418","targetHints":{"allow":["GET"]}}],"collection":[{"href":"https:\/\/pomerania.org.pl\/index.php?rest_route=\/wp\/v2\/posts"}],"about":[{"href":"https:\/\/pomerania.org.pl\/index.php?rest_route=\/wp\/v2\/types\/post"}],"author":[{"embeddable":true,"href":"https:\/\/pomerania.org.pl\/index.php?rest_route=\/wp\/v2\/users\/1"}],"replies":[{"embeddable":true,"href":"https:\/\/pomerania.org.pl\/index.php?rest_route=%2Fwp%2Fv2%2Fcomments&post=7418"}],"version-history":[{"count":1,"href":"https:\/\/pomerania.org.pl\/index.php?rest_route=\/wp\/v2\/posts\/7418\/revisions"}],"predecessor-version":[{"id":7428,"href":"https:\/\/pomerania.org.pl\/index.php?rest_route=\/wp\/v2\/posts\/7418\/revisions\/7428"}],"wp:featuredmedia":[{"embeddable":true,"href":"https:\/\/pomerania.org.pl\/index.php?rest_route=\/wp\/v2\/media\/7410"}],"wp:attachment":[{"href":"https:\/\/pomerania.org.pl\/index.php?rest_route=%2Fwp%2Fv2%2Fmedia&parent=7418"}],"wp:term":[{"taxonomy":"category","embeddable":true,"href":"https:\/\/pomerania.org.pl\/index.php?rest_route=%2Fwp%2Fv2%2Fcategories&post=7418"},{"taxonomy":"post_tag","embeddable":true,"href":"https:\/\/pomerania.org.pl\/index.php?rest_route=%2Fwp%2Fv2%2Ftags&post=7418"}],"curies":[{"name":"wp","href":"https:\/\/api.w.org\/{rel}","templated":true}]}}