{"id":7433,"date":"2025-06-25T11:44:36","date_gmt":"2025-06-25T09:44:36","guid":{"rendered":"https:\/\/pomerania.org.pl\/?p=7433"},"modified":"2025-06-25T11:44:38","modified_gmt":"2025-06-25T09:44:38","slug":"xxix-walne-zebranie-delegatow-sgpep","status":"publish","type":"post","link":"https:\/\/pomerania.org.pl\/?p=7433","title":{"rendered":"XXIX Walne Zebranie Delegat\u00f3w SGPEP"},"content":{"rendered":"\n<p>24 czerwca 2025 roku w szczeci\u0144skim Domu Kultury S\u0142owianin odby\u0142o si\u0119 Walne Zebranie Delegat\u00f3w SGPEP. Delegaci zapoznali si\u0119 z dzia\u0142alno\u015bci\u0105 Zarz\u0105du oraz biura SGPEP, przyj\u0119li sprawozdanie Komisji Rewizyjnej oraz podj\u0119li stosowne uchwa\u0142y w sprawie finans\u00f3w Stowarzyszenia. Delegaci udzielili absolutorium Zarz\u0105dowi i przyj\u0119li plan pracy Stowarzyszenia na 2025 rok. <\/p>\n\n\n\n<p>Kolejne Walne Zebranie Delegat\u00f3w, podczas kt\u00f3rego podj\u0119ta zostanie uchwa\u0142a o zmianie statutu SGPEP, tak, by Stowarzyszenie mog\u0142o utworzy\u0107 Europejskie Ugrupowanie Wsp\u00f3\u0142pracy Terytorialnej, zaplanowano na 7 pa\u017adziernika 2025 roku w Szczecinie.<\/p>\n\n\n\n<figure class=\"wp-block-gallery has-nested-images columns-default is-cropped wp-block-gallery-2 is-layout-flex wp-block-gallery-is-layout-flex\">\n<figure class=\"wp-block-image size-large\"><img loading=\"lazy\" decoding=\"async\" width=\"1920\" height=\"2560\" data-id=\"7442\" src=\"https:\/\/pomerania.org.pl\/wp-content\/uploads\/2025\/06\/1000054901-scaled.jpg\" alt=\"\" class=\"wp-image-7442\" srcset=\"https:\/\/pomerania.org.pl\/wp-content\/uploads\/2025\/06\/1000054901-scaled.jpg 1920w, https:\/\/pomerania.org.pl\/wp-content\/uploads\/2025\/06\/1000054901-225x300.jpg 225w, https:\/\/pomerania.org.pl\/wp-content\/uploads\/2025\/06\/1000054901-768x1024.jpg 768w, https:\/\/pomerania.org.pl\/wp-content\/uploads\/2025\/06\/1000054901-1152x1536.jpg 1152w, https:\/\/pomerania.org.pl\/wp-content\/uploads\/2025\/06\/1000054901-1536x2048.jpg 1536w\" sizes=\"auto, (max-width: 1920px) 100vw, 1920px\" \/><\/figure>\n\n\n\n<figure class=\"wp-block-image size-large\"><img loading=\"lazy\" decoding=\"async\" width=\"1920\" height=\"2560\" data-id=\"7441\" src=\"https:\/\/pomerania.org.pl\/wp-content\/uploads\/2025\/06\/1000054890-scaled.jpg\" alt=\"\" class=\"wp-image-7441\" srcset=\"https:\/\/pomerania.org.pl\/wp-content\/uploads\/2025\/06\/1000054890-scaled.jpg 1920w, https:\/\/pomerania.org.pl\/wp-content\/uploads\/2025\/06\/1000054890-225x300.jpg 225w, https:\/\/pomerania.org.pl\/wp-content\/uploads\/2025\/06\/1000054890-768x1024.jpg 768w, https:\/\/pomerania.org.pl\/wp-content\/uploads\/2025\/06\/1000054890-1152x1536.jpg 1152w, https:\/\/pomerania.org.pl\/wp-content\/uploads\/2025\/06\/1000054890-1536x2048.jpg 1536w\" sizes=\"auto, (max-width: 1920px) 100vw, 1920px\" \/><\/figure>\n\n\n\n<figure class=\"wp-block-image size-large\"><img loading=\"lazy\" decoding=\"async\" width=\"1920\" height=\"2560\" data-id=\"7443\" src=\"https:\/\/pomerania.org.pl\/wp-content\/uploads\/2025\/06\/1000054968-scaled.jpg\" alt=\"\" class=\"wp-image-7443\" srcset=\"https:\/\/pomerania.org.pl\/wp-content\/uploads\/2025\/06\/1000054968-scaled.jpg 1920w, https:\/\/pomerania.org.pl\/wp-content\/uploads\/2025\/06\/1000054968-225x300.jpg 225w, https:\/\/pomerania.org.pl\/wp-content\/uploads\/2025\/06\/1000054968-768x1024.jpg 768w, https:\/\/pomerania.org.pl\/wp-content\/uploads\/2025\/06\/1000054968-1152x1536.jpg 1152w, https:\/\/pomerania.org.pl\/wp-content\/uploads\/2025\/06\/1000054968-1536x2048.jpg 1536w\" sizes=\"auto, (max-width: 1920px) 100vw, 1920px\" \/><\/figure>\n\n\n\n<figure class=\"wp-block-image size-large\"><img loading=\"lazy\" decoding=\"async\" width=\"1600\" height=\"1183\" data-id=\"7439\" src=\"https:\/\/pomerania.org.pl\/wp-content\/uploads\/2025\/06\/1000054852.jpg\" alt=\"\" class=\"wp-image-7439\" srcset=\"https:\/\/pomerania.org.pl\/wp-content\/uploads\/2025\/06\/1000054852.jpg 1600w, https:\/\/pomerania.org.pl\/wp-content\/uploads\/2025\/06\/1000054852-300x222.jpg 300w, https:\/\/pomerania.org.pl\/wp-content\/uploads\/2025\/06\/1000054852-768x568.jpg 768w, https:\/\/pomerania.org.pl\/wp-content\/uploads\/2025\/06\/1000054852-1536x1136.jpg 1536w\" sizes=\"auto, (max-width: 1600px) 100vw, 1600px\" \/><\/figure>\n\n\n\n<figure class=\"wp-block-image size-large\"><img loading=\"lazy\" decoding=\"async\" width=\"1600\" height=\"995\" data-id=\"7438\" src=\"https:\/\/pomerania.org.pl\/wp-content\/uploads\/2025\/06\/1000054836.jpg\" alt=\"\" class=\"wp-image-7438\" srcset=\"https:\/\/pomerania.org.pl\/wp-content\/uploads\/2025\/06\/1000054836.jpg 1600w, https:\/\/pomerania.org.pl\/wp-content\/uploads\/2025\/06\/1000054836-300x187.jpg 300w, https:\/\/pomerania.org.pl\/wp-content\/uploads\/2025\/06\/1000054836-768x478.jpg 768w, https:\/\/pomerania.org.pl\/wp-content\/uploads\/2025\/06\/1000054836-1536x955.jpg 1536w\" sizes=\"auto, (max-width: 1600px) 100vw, 1600px\" \/><\/figure>\n\n\n\n<figure class=\"wp-block-image size-large\"><img loading=\"lazy\" decoding=\"async\" width=\"1599\" height=\"1317\" data-id=\"7437\" src=\"https:\/\/pomerania.org.pl\/wp-content\/uploads\/2025\/06\/1000054828.jpg\" alt=\"\" class=\"wp-image-7437\" srcset=\"https:\/\/pomerania.org.pl\/wp-content\/uploads\/2025\/06\/1000054828.jpg 1599w, https:\/\/pomerania.org.pl\/wp-content\/uploads\/2025\/06\/1000054828-300x247.jpg 300w, https:\/\/pomerania.org.pl\/wp-content\/uploads\/2025\/06\/1000054828-768x633.jpg 768w, https:\/\/pomerania.org.pl\/wp-content\/uploads\/2025\/06\/1000054828-1536x1265.jpg 1536w\" sizes=\"auto, (max-width: 1599px) 100vw, 1599px\" \/><\/figure>\n\n\n\n<figure class=\"wp-block-image size-large\"><img loading=\"lazy\" decoding=\"async\" width=\"1600\" height=\"1257\" data-id=\"7436\" src=\"https:\/\/pomerania.org.pl\/wp-content\/uploads\/2025\/06\/1000054824.jpg\" alt=\"\" class=\"wp-image-7436\" srcset=\"https:\/\/pomerania.org.pl\/wp-content\/uploads\/2025\/06\/1000054824.jpg 1600w, https:\/\/pomerania.org.pl\/wp-content\/uploads\/2025\/06\/1000054824-300x236.jpg 300w, https:\/\/pomerania.org.pl\/wp-content\/uploads\/2025\/06\/1000054824-768x603.jpg 768w, https:\/\/pomerania.org.pl\/wp-content\/uploads\/2025\/06\/1000054824-1536x1207.jpg 1536w\" sizes=\"auto, (max-width: 1600px) 100vw, 1600px\" \/><\/figure>\n\n\n\n<figure class=\"wp-block-image size-large\"><img loading=\"lazy\" decoding=\"async\" width=\"1600\" height=\"1200\" data-id=\"7435\" src=\"https:\/\/pomerania.org.pl\/wp-content\/uploads\/2025\/06\/1000054809.jpg\" alt=\"\" class=\"wp-image-7435\" srcset=\"https:\/\/pomerania.org.pl\/wp-content\/uploads\/2025\/06\/1000054809.jpg 1600w, https:\/\/pomerania.org.pl\/wp-content\/uploads\/2025\/06\/1000054809-300x225.jpg 300w, https:\/\/pomerania.org.pl\/wp-content\/uploads\/2025\/06\/1000054809-768x576.jpg 768w, https:\/\/pomerania.org.pl\/wp-content\/uploads\/2025\/06\/1000054809-1536x1152.jpg 1536w\" sizes=\"auto, (max-width: 1600px) 100vw, 1600px\" \/><\/figure>\n\n\n\n<figure class=\"wp-block-image size-large\"><img loading=\"lazy\" decoding=\"async\" width=\"1920\" height=\"2560\" data-id=\"7434\" src=\"https:\/\/pomerania.org.pl\/wp-content\/uploads\/2025\/06\/1000054796-scaled.jpg\" alt=\"\" class=\"wp-image-7434\" srcset=\"https:\/\/pomerania.org.pl\/wp-content\/uploads\/2025\/06\/1000054796-scaled.jpg 1920w, https:\/\/pomerania.org.pl\/wp-content\/uploads\/2025\/06\/1000054796-225x300.jpg 225w, https:\/\/pomerania.org.pl\/wp-content\/uploads\/2025\/06\/1000054796-768x1024.jpg 768w, https:\/\/pomerania.org.pl\/wp-content\/uploads\/2025\/06\/1000054796-1152x1536.jpg 1152w, https:\/\/pomerania.org.pl\/wp-content\/uploads\/2025\/06\/1000054796-1536x2048.jpg 1536w\" sizes=\"auto, (max-width: 1920px) 100vw, 1920px\" \/><\/figure>\n\n\n\n<figure class=\"wp-block-image size-large\"><img loading=\"lazy\" decoding=\"async\" width=\"2560\" height=\"1920\" data-id=\"7440\" src=\"https:\/\/pomerania.org.pl\/wp-content\/uploads\/2025\/06\/1000054887-scaled.jpg\" alt=\"\" class=\"wp-image-7440\" srcset=\"https:\/\/pomerania.org.pl\/wp-content\/uploads\/2025\/06\/1000054887-scaled.jpg 2560w, https:\/\/pomerania.org.pl\/wp-content\/uploads\/2025\/06\/1000054887-300x225.jpg 300w, https:\/\/pomerania.org.pl\/wp-content\/uploads\/2025\/06\/1000054887-768x576.jpg 768w, https:\/\/pomerania.org.pl\/wp-content\/uploads\/2025\/06\/1000054887-1536x1152.jpg 1536w, https:\/\/pomerania.org.pl\/wp-content\/uploads\/2025\/06\/1000054887-2048x1536.jpg 2048w\" sizes=\"auto, (max-width: 2560px) 100vw, 2560px\" \/><\/figure>\n<\/figure>\n","protected":false},"excerpt":{"rendered":"<p>24 czerwca 2025 roku w szczeci\u0144skim Domu Kultury S\u0142owianin odby\u0142o si\u0119 Walne Zebranie Delegat\u00f3w SGPEP. Delegaci zapoznali si\u0119 z dzia\u0142alno\u015bci\u0105 Zarz\u0105du oraz biura SGPEP, przyj\u0119li sprawozdanie Komisji Rewizyjnej oraz podj\u0119li stosowne uchwa\u0142y w sprawie finans\u00f3w Stowarzyszenia. Delegaci udzielili absolutorium Zarz\u0105dowi i przyj\u0119li plan pracy Stowarzyszenia na 2025 rok. Kolejne Walne Zebranie Delegat\u00f3w, podczas kt\u00f3rego podj\u0119ta [&hellip;]<\/p>\n","protected":false},"author":1,"featured_media":7442,"comment_status":"closed","ping_status":"closed","sticky":false,"template":"","format":"standard","meta":{"footnotes":""},"categories":[28],"tags":[],"class_list":["post-7433","post","type-post","status-publish","format-standard","has-post-thumbnail","hentry","category-sgpep"],"post_mailing_queue_ids":[],"_links":{"self":[{"href":"https:\/\/pomerania.org.pl\/index.php?rest_route=\/wp\/v2\/posts\/7433","targetHints":{"allow":["GET"]}}],"collection":[{"href":"https:\/\/pomerania.org.pl\/index.php?rest_route=\/wp\/v2\/posts"}],"about":[{"href":"https:\/\/pomerania.org.pl\/index.php?rest_route=\/wp\/v2\/types\/post"}],"author":[{"embeddable":true,"href":"https:\/\/pomerania.org.pl\/index.php?rest_route=\/wp\/v2\/users\/1"}],"replies":[{"embeddable":true,"href":"https:\/\/pomerania.org.pl\/index.php?rest_route=%2Fwp%2Fv2%2Fcomments&post=7433"}],"version-history":[{"count":1,"href":"https:\/\/pomerania.org.pl\/index.php?rest_route=\/wp\/v2\/posts\/7433\/revisions"}],"predecessor-version":[{"id":7444,"href":"https:\/\/pomerania.org.pl\/index.php?rest_route=\/wp\/v2\/posts\/7433\/revisions\/7444"}],"wp:featuredmedia":[{"embeddable":true,"href":"https:\/\/pomerania.org.pl\/index.php?rest_route=\/wp\/v2\/media\/7442"}],"wp:attachment":[{"href":"https:\/\/pomerania.org.pl\/index.php?rest_route=%2Fwp%2Fv2%2Fmedia&parent=7433"}],"wp:term":[{"taxonomy":"category","embeddable":true,"href":"https:\/\/pomerania.org.pl\/index.php?rest_route=%2Fwp%2Fv2%2Fcategories&post=7433"},{"taxonomy":"post_tag","embeddable":true,"href":"https:\/\/pomerania.org.pl\/index.php?rest_route=%2Fwp%2Fv2%2Ftags&post=7433"}],"curies":[{"name":"wp","href":"https:\/\/api.w.org\/{rel}","templated":true}]}}