{"id":7454,"date":"2025-07-03T14:29:10","date_gmt":"2025-07-03T12:29:10","guid":{"rendered":"https:\/\/pomerania.org.pl\/?p=7454"},"modified":"2025-07-03T14:29:11","modified_gmt":"2025-07-03T12:29:11","slug":"treffen-der-euroregionen-entlang-der-deutsch-tschechischen-grenze","status":"publish","type":"post","link":"https:\/\/pomerania.org.pl\/?p=7454&lang=de","title":{"rendered":"Treffen der Euroregionen entlang der deutsch-tschechischen Grenze"},"content":{"rendered":"\n<p>Auf Einladung des Direktors Steffen Sch\u00f6nicke von EUREGIO EGRENSIS hatten wir die Ehre, am prestigetr\u00e4chtigen Treffen der Euroregionen entlang der deutsch-tschechischen Grenze teilzunehmen. W\u00e4hrend der Veranstaltung pr\u00e4sentierten wir unser innovatives Projekt \u201eThe One and Only Pomerania\u201c, das unsere rechtliche und organisatorische Transformation hin zur Europ\u00e4ischen Verbunds f\u00fcr Territoriale Zusammenarbeit (EVTZ) darstellt. Dieses Projekt stellt einen bedeutenden Schritt dar, um eine nachhaltige und effektive grenz\u00fcberschreitende Zusammenarbeit zu f\u00f6rdern, die die Entwicklung der Region auf beiden Seiten der Grenze unterst\u00fctzt.<\/p>\n\n\n\n<figure class=\"wp-block-gallery has-nested-images columns-default is-cropped wp-block-gallery-2 is-layout-flex wp-block-gallery-is-layout-flex\">\n<figure class=\"wp-block-image size-large\"><img loading=\"lazy\" decoding=\"async\" width=\"670\" height=\"1002\" data-id=\"7455\" src=\"https:\/\/pomerania.org.pl\/wp-content\/uploads\/2025\/07\/IMG-20250703-WA00012-1.jpg\" alt=\"\" class=\"wp-image-7455\" srcset=\"https:\/\/pomerania.org.pl\/wp-content\/uploads\/2025\/07\/IMG-20250703-WA00012-1.jpg 670w, https:\/\/pomerania.org.pl\/wp-content\/uploads\/2025\/07\/IMG-20250703-WA00012-1-201x300.jpg 201w\" sizes=\"auto, (max-width: 670px) 100vw, 670px\" \/><\/figure>\n\n\n\n<figure class=\"wp-block-image size-large\"><img loading=\"lazy\" decoding=\"async\" width=\"693\" height=\"858\" data-id=\"7456\" src=\"https:\/\/pomerania.org.pl\/wp-content\/uploads\/2025\/07\/IMG-20250703-WA00022-1.jpg\" alt=\"\" class=\"wp-image-7456\" srcset=\"https:\/\/pomerania.org.pl\/wp-content\/uploads\/2025\/07\/IMG-20250703-WA00022-1.jpg 693w, https:\/\/pomerania.org.pl\/wp-content\/uploads\/2025\/07\/IMG-20250703-WA00022-1-242x300.jpg 242w\" sizes=\"auto, (max-width: 693px) 100vw, 693px\" \/><\/figure>\n\n\n\n<figure class=\"wp-block-image size-large\"><img loading=\"lazy\" decoding=\"async\" width=\"739\" height=\"805\" data-id=\"7457\" src=\"https:\/\/pomerania.org.pl\/wp-content\/uploads\/2025\/07\/IMG-20250703-WA00032-1.jpg\" alt=\"\" class=\"wp-image-7457\" srcset=\"https:\/\/pomerania.org.pl\/wp-content\/uploads\/2025\/07\/IMG-20250703-WA00032-1.jpg 739w, https:\/\/pomerania.org.pl\/wp-content\/uploads\/2025\/07\/IMG-20250703-WA00032-1-275x300.jpg 275w\" sizes=\"auto, (max-width: 739px) 100vw, 739px\" \/><\/figure>\n<\/figure>\n","protected":false},"excerpt":{"rendered":"<p>Auf Einladung des Direktors Steffen Sch\u00f6nicke von EUREGIO EGRENSIS hatten wir die Ehre, am prestigetr\u00e4chtigen Treffen der Euroregionen entlang der deutsch-tschechischen Grenze teilzunehmen. W\u00e4hrend der Veranstaltung pr\u00e4sentierten wir unser innovatives Projekt \u201eThe One and Only Pomerania\u201c, das unsere rechtliche und organisatorische Transformation hin zur Europ\u00e4ischen Verbunds f\u00fcr Territoriale Zusammenarbeit (EVTZ) darstellt. Dieses Projekt stellt einen [&hellip;]<\/p>\n","protected":false},"author":1,"featured_media":7451,"comment_status":"closed","ping_status":"closed","sticky":false,"template":"","format":"standard","meta":{"footnotes":""},"categories":[104],"tags":[],"class_list":["post-7454","post","type-post","status-publish","format-standard","has-post-thumbnail","hentry","category-one-pomerania-de"],"post_mailing_queue_ids":[],"_links":{"self":[{"href":"https:\/\/pomerania.org.pl\/index.php?rest_route=\/wp\/v2\/posts\/7454","targetHints":{"allow":["GET"]}}],"collection":[{"href":"https:\/\/pomerania.org.pl\/index.php?rest_route=\/wp\/v2\/posts"}],"about":[{"href":"https:\/\/pomerania.org.pl\/index.php?rest_route=\/wp\/v2\/types\/post"}],"author":[{"embeddable":true,"href":"https:\/\/pomerania.org.pl\/index.php?rest_route=\/wp\/v2\/users\/1"}],"replies":[{"embeddable":true,"href":"https:\/\/pomerania.org.pl\/index.php?rest_route=%2Fwp%2Fv2%2Fcomments&post=7454"}],"version-history":[{"count":1,"href":"https:\/\/pomerania.org.pl\/index.php?rest_route=\/wp\/v2\/posts\/7454\/revisions"}],"predecessor-version":[{"id":7458,"href":"https:\/\/pomerania.org.pl\/index.php?rest_route=\/wp\/v2\/posts\/7454\/revisions\/7458"}],"wp:featuredmedia":[{"embeddable":true,"href":"https:\/\/pomerania.org.pl\/index.php?rest_route=\/wp\/v2\/media\/7451"}],"wp:attachment":[{"href":"https:\/\/pomerania.org.pl\/index.php?rest_route=%2Fwp%2Fv2%2Fmedia&parent=7454"}],"wp:term":[{"taxonomy":"category","embeddable":true,"href":"https:\/\/pomerania.org.pl\/index.php?rest_route=%2Fwp%2Fv2%2Fcategories&post=7454"},{"taxonomy":"post_tag","embeddable":true,"href":"https:\/\/pomerania.org.pl\/index.php?rest_route=%2Fwp%2Fv2%2Ftags&post=7454"}],"curies":[{"name":"wp","href":"https:\/\/api.w.org\/{rel}","templated":true}]}}