{"id":7460,"date":"2025-07-08T14:16:53","date_gmt":"2025-07-08T12:16:53","guid":{"rendered":"https:\/\/pomerania.org.pl\/?p=7460"},"modified":"2025-07-23T07:39:28","modified_gmt":"2025-07-23T05:39:28","slug":"zapraszamy-na-polsko-niemiecki-rajd-rowerowy","status":"publish","type":"post","link":"https:\/\/pomerania.org.pl\/?p=7460","title":{"rendered":"Zapraszamy na polsko-niemiecki rajd rowerowy!"},"content":{"rendered":"\n<p>Wsp\u00f3lny Sekretariat Programu Interreg wraz z Instytucj\u0105 Zarz\u0105dzaj\u0105c\u0105 oraz we wsp\u00f3\u0142pracy<br>z Regionalnymi Punktami Kontaktowymi jak i projektami:<\/p>\n\n\n\n<ul class=\"wp-block-list\">\n<li>IBN\/SID<\/li>\n\n\n\n<li>POLSMA<\/li>\n\n\n\n<li>GKGK_2.0<\/li>\n\n\n\n<li>NaReT<\/li>\n<\/ul>\n\n\n\n<p>zapraszaj\u0105 na wsp\u00f3lne polsko-niemieckie wydarzenie z okazji <strong>Interreg Cooperation Day 2025!!!<\/strong><\/p>\n\n\n\n<p>W dniu 20.09.2025 odb\u0119dzie si\u0119 polsko-niemiecki rajd rowerowy INTERREG RADTOUR! Planowana trasa rajdu: <strong>Neubrandenburg &#8211; Joachimsthal<\/strong> (ok. 100 km).<\/p>\n\n\n\n<p>Ten wa\u017cny dla nas wszystkich dzie\u0144 chcemy obchodzi\u0107 wsp\u00f3lnie z mieszka\u0144cami naszego Euroregionu.<\/p>\n\n\n\n<p>Poznawanie si\u0119 i wsp\u00f3lne sp\u0119dzanie czasu s\u0105 istotnym elementem naszej codziennej pracy w ramach Programu Interreg.<\/p>\n\n\n\n<p>Dlatego chcieliby\u015bmy aktywnie sp\u0119dzi\u0107 go razem z Pa\u0144stwem \u2013 z dala od biurek, monitor\u00f3w i sal konferencyjnych.<\/p>\n\n\n\n<p>Podczas rajdu b\u0119dzie okazja wzajemnie pozna\u0107 si\u0119, odwiedzi\u0107 interesuj\u0105ce miejsca znajduj\u0105ce si\u0119 na obszarze obj\u0119tym naszym Programem oraz uzyska\u0107 informacje na temat projekt\u00f3w wspieranych w ramach naszego Programu.<\/p>\n\n\n\n<p>Wydarzenie poprzedzone b\u0119dzie mo\u017cliwo\u015bci\u0105 odbycia wsp\u00f3lnych trening\u00f3w.<\/p>\n\n\n\n<p>Oto terminy w og\u00f3lnym skr\u00f3cie:<\/p>\n\n\n\n<p>Training 1 &#8211; 18.07.2025<\/p>\n\n\n\n<p>Training 2 &#8211; 01.08.2025<\/p>\n\n\n\n<p>Training 3 &#8211; 22.08.2025<\/p>\n\n\n\n<p>Training 4 &#8211; 12.09.2025<\/p>\n\n\n\n<p>oraz<\/p>\n\n\n\n<p><strong>20.09.2025&nbsp; \u2013 rajd INTERREG RADTOUR 2025<\/strong>.<\/p>\n\n\n\n<p><strong>Dok\u0142adne godziny rozpocz\u0119cia i miejsca trening\u00f3w oraz rajdu rowerowego podamy Pa\u0144stwu wraz z potwierdzeniem zg\u0142oszenia! Zapraszamy r\u00f3wnie\u017c do \u015bledzenia nas w mediach spo\u0142eczno\u015bciowych!<\/strong><\/p>\n\n\n\n<p><a href=\"https:\/\/de-de.facebook.com\/InterregMV\/\" class=\"broken_link\">Interreg MV \/ BB \/ PL | Brunow | Facebook<\/a><\/p>\n\n\n\n<p>Zg\u0142o\u015b si\u0119 ju\u017c teraz na rajd Interreg Radtour 2025 i poszczeg\u00f3lne treningi:<a href=\"https:\/\/forms.gle\/Rja87sywVZxsBg4p7\">https:\/\/forms.gle\/Rja87sywVZxsBg4p7<\/a> <\/p>\n\n\n\n<p>Serdecznie zapraszamy.<\/p>\n\n\n\n<p><\/p>\n","protected":false},"excerpt":{"rendered":"<p>Wsp\u00f3lny Sekretariat Programu Interreg wraz z Instytucj\u0105 Zarz\u0105dzaj\u0105c\u0105 oraz we wsp\u00f3\u0142pracyz Regionalnymi Punktami Kontaktowymi jak i projektami: zapraszaj\u0105 na wsp\u00f3lne polsko-niemieckie wydarzenie z okazji Interreg Cooperation Day 2025!!! W dniu 20.09.2025 odb\u0119dzie si\u0119 polsko-niemiecki rajd rowerowy INTERREG RADTOUR! Planowana trasa rajdu: Neubrandenburg &#8211; Joachimsthal (ok. 100 km). Ten wa\u017cny dla nas wszystkich dzie\u0144 chcemy obchodzi\u0107 [&hellip;]<\/p>\n","protected":false},"author":2,"featured_media":7461,"comment_status":"closed","ping_status":"closed","sticky":false,"template":"","format":"standard","meta":{"footnotes":""},"categories":[95],"tags":[],"class_list":["post-7460","post","type-post","status-publish","format-standard","has-post-thumbnail","hentry","category-sid"],"post_mailing_queue_ids":[],"_links":{"self":[{"href":"https:\/\/pomerania.org.pl\/index.php?rest_route=\/wp\/v2\/posts\/7460","targetHints":{"allow":["GET"]}}],"collection":[{"href":"https:\/\/pomerania.org.pl\/index.php?rest_route=\/wp\/v2\/posts"}],"about":[{"href":"https:\/\/pomerania.org.pl\/index.php?rest_route=\/wp\/v2\/types\/post"}],"author":[{"embeddable":true,"href":"https:\/\/pomerania.org.pl\/index.php?rest_route=\/wp\/v2\/users\/2"}],"replies":[{"embeddable":true,"href":"https:\/\/pomerania.org.pl\/index.php?rest_route=%2Fwp%2Fv2%2Fcomments&post=7460"}],"version-history":[{"count":1,"href":"https:\/\/pomerania.org.pl\/index.php?rest_route=\/wp\/v2\/posts\/7460\/revisions"}],"predecessor-version":[{"id":7462,"href":"https:\/\/pomerania.org.pl\/index.php?rest_route=\/wp\/v2\/posts\/7460\/revisions\/7462"}],"wp:featuredmedia":[{"embeddable":true,"href":"https:\/\/pomerania.org.pl\/index.php?rest_route=\/wp\/v2\/media\/7461"}],"wp:attachment":[{"href":"https:\/\/pomerania.org.pl\/index.php?rest_route=%2Fwp%2Fv2%2Fmedia&parent=7460"}],"wp:term":[{"taxonomy":"category","embeddable":true,"href":"https:\/\/pomerania.org.pl\/index.php?rest_route=%2Fwp%2Fv2%2Fcategories&post=7460"},{"taxonomy":"post_tag","embeddable":true,"href":"https:\/\/pomerania.org.pl\/index.php?rest_route=%2Fwp%2Fv2%2Ftags&post=7460"}],"curies":[{"name":"wp","href":"https:\/\/api.w.org\/{rel}","templated":true}]}}