{"id":7644,"date":"2025-09-02T14:43:03","date_gmt":"2025-09-02T12:43:03","guid":{"rendered":"https:\/\/pomerania.org.pl\/?p=7644"},"modified":"2025-09-02T14:50:17","modified_gmt":"2025-09-02T12:50:17","slug":"harmonogram-skladania-wnioskow-dla-funduszu-malych-projektow-interreg-via-na-2026-rok","status":"publish","type":"post","link":"https:\/\/pomerania.org.pl\/?p=7644","title":{"rendered":"Harmonogram sk\u0142adania wniosk\u00f3w dla Funduszu Ma\u0142ych Projekt\u00f3w Interreg VIA na 2026 rok"},"content":{"rendered":"\n<figure class=\"wp-block-image size-large is-resized\"><img loading=\"lazy\" decoding=\"async\" width=\"5000\" height=\"1234\" src=\"https:\/\/pomerania.org.pl\/wp-content\/uploads\/2024\/10\/Int6a_FMP-KPF_Logo_Hintergrund-5000x1234.png\" alt=\"\" class=\"wp-image-6283\" style=\"width:405px;height:auto\" srcset=\"https:\/\/pomerania.org.pl\/wp-content\/uploads\/2024\/10\/Int6a_FMP-KPF_Logo_Hintergrund-5000x1234.png 5000w, https:\/\/pomerania.org.pl\/wp-content\/uploads\/2024\/10\/Int6a_FMP-KPF_Logo_Hintergrund-300x74.png 300w, https:\/\/pomerania.org.pl\/wp-content\/uploads\/2024\/10\/Int6a_FMP-KPF_Logo_Hintergrund-768x190.png 768w, https:\/\/pomerania.org.pl\/wp-content\/uploads\/2024\/10\/Int6a_FMP-KPF_Logo_Hintergrund-1536x379.png 1536w, https:\/\/pomerania.org.pl\/wp-content\/uploads\/2024\/10\/Int6a_FMP-KPF_Logo_Hintergrund-2048x505.png 2048w\" sizes=\"auto, (max-width: 5000px) 100vw, 5000px\" \/><\/figure>\n\n\n\n<p>Informujemy, i\u017c <strong>Zarz\u0105dzaj\u0105cy FMP w SC. 4.6 \u201eKultura i zr\u00f3wnowa\u017cona turystyka\u201d<\/strong> zaplanowa\u0142 na<strong> 2026 rok<\/strong> pul\u0119 \u015brodk\u00f3w na dofinansowanie \u201ema\u0142ych projekt\u00f3w\u201d w wysoko\u015bci <strong>900&nbsp;000,00 EUR EFRR<\/strong>.<\/p>\n\n\n\n<p>Ustalono tak\u017ce terminy posiedze\u0144 Euroregionalnego Komitetu Steruj\u0105cego w 2026 roku i harmonogram sk\u0142adania wniosk\u00f3w:<\/p>\n\n\n\n<ol class=\"wp-block-list\">\n<li><strong>EKS w dniu 29.01.2026<\/strong> &#8211; wnioski nale\u017cy z\u0142o\u017cy\u0107 najp\u00f3\u017aniej do dnia 14.11.2025<\/li>\n\n\n\n<li><strong>EKS w dniu 07.05.2026<\/strong> &#8211; wnioski nale\u017cy z\u0142o\u017cy\u0107 najp\u00f3\u017aniej do dnia 13.03.2026<\/li>\n\n\n\n<li><strong>EKS w dniu 27.08.2026<\/strong> &#8211; wnioski nale\u017cy z\u0142o\u017cy\u0107 najp\u00f3\u017aniej do dnia 03.07.2026<\/li>\n\n\n\n<li><strong>EKS w dniu 19.11.2026<\/strong> (o ile b\u0119d\u0105 dost\u0119pne \u015brodki) &#8211; wnioski nale\u017cy z\u0142o\u017cy\u0107 najp\u00f3\u017aniej do dnia 25.09.2026<\/li>\n<\/ol>\n\n\n\n<p>Uwaga! Wnioski kierowane s\u0105 na poszczeg\u00f3lne posiedzenia EKS w zale\u017cno\u015bci od terminu g\u0142\u00f3wnych dzia\u0142a\u0144 w danym projekcie.<\/p>\n\n\n\n<p>Przypominamy, \u017ce wniosek musi spe\u0142ni\u0107 jednocze\u015bnie dwa kryteria formalne:<\/p>\n\n\n\n<ol class=\"wp-block-list\">\n<li>Wniosek nale\u017cy z\u0142o\u017cy\u0107 <strong>najp\u00f3\u017aniej na 3 miesi\u0105ce przed terminem rozpocz\u0119cia projektu tj. (pkt. 6 Wniosku)<\/strong> na adres nabor@pomerania.org.pl<\/li>\n\n\n\n<li>Pierwsze dzia\u0142anie g\u0142\u00f3wne, kt\u00f3re wp\u0142ywa na osi\u0105gni\u0119cie rezultatu projektu takie jak spotkanie, konferencja, koncert, warsztat itp. <strong>musi odby\u0107 si\u0119<\/strong> najp\u00f3\u017aniej <strong>do 3 miesi\u0119cy od daty zatwierdzenia wniosku na EKS.<\/strong><\/li>\n<\/ol>\n\n\n\n<p>Zalecamy, by przed formalnym z\u0142o\u017ceniem wniosku konsultowa\u0107 pomys\u0142y na Pa\u0144stwa projekty.<\/p>\n\n\n\n<p><\/p>\n\n\n\n<p>Aleksandra Warska <\/p>\n\n\n\n<p><a href=\"mailto:magdalena.swist@pomerania.org.pl\"><\/a><a href=\"mailto:aleksandra.warska@pomerania.org.pl\">aleksandra.warska@pomerania.org.pl<\/a> <img loading=\"lazy\" decoding=\"async\" width=\"22\" height=\"24\" srcset=\"https:\/\/pomerania.org.pl\/wp-content\/uploads\/2023\/01\/telefon-275x300.jpg 275w, https:\/\/pomerania.org.pl\/wp-content\/uploads\/2023\/01\/telefon.jpg 335w\" src=\"https:\/\/pomerania.org.pl\/wp-content\/uploads\/2023\/01\/telefon-275x300.jpg\" alt=\"\">+48 91 486 29 10<\/p>\n\n\n\n<p>Magda Grodzi\u0144ska \u2013 Mitek<\/p>\n\n\n\n<p><a href=\"mailto:magdalena.swist@pomerania.org.pl\"><\/a><a href=\"mailto:magda.grodzinska-mitek@pomerania.org.pl\">magda.grodzinska-mitek@pomerania.org.pl<\/a> <img loading=\"lazy\" decoding=\"async\" width=\"22\" height=\"24\" srcset=\"https:\/\/pomerania.org.pl\/wp-content\/uploads\/2023\/01\/telefon-275x300.jpg 275w, https:\/\/pomerania.org.pl\/wp-content\/uploads\/2023\/01\/telefon.jpg 335w\" src=\"https:\/\/pomerania.org.pl\/wp-content\/uploads\/2023\/01\/telefon-275x300.jpg\" alt=\"\">+48 91 881 17 20<\/p>\n\n\n\n<p>Ma\u0142gorzata Je\u017c<\/p>\n\n\n\n<p><a href=\"mailto:magdalena.swist@pomerania.org.pl\"><\/a><a href=\"mailto:malgorzata.jez@pomerania.org.pl\">malgorzata.jez@pomerania.org.pl<\/a> <img loading=\"lazy\" decoding=\"async\" width=\"22\" height=\"24\" srcset=\"https:\/\/pomerania.org.pl\/wp-content\/uploads\/2023\/01\/telefon-275x300.jpg 275w, https:\/\/pomerania.org.pl\/wp-content\/uploads\/2023\/01\/telefon.jpg 335w\" src=\"https:\/\/pomerania.org.pl\/wp-content\/uploads\/2023\/01\/telefon-275x300.jpg\" alt=\"\">+48 91 886 91 75<\/p>\n\n\n\n<p>Marta Podbielska \u2013 Balik<\/p>\n\n\n\n<p><a href=\"mailto:magdalena.swist@pomerania.org.pl\"><\/a><a href=\"mailto:marta.podbielska-balik@pomerania.org.pl\">marta.podbielska-balik@pomerania.org.pl<\/a> <img loading=\"lazy\" decoding=\"async\" width=\"22\" height=\"24\" srcset=\"https:\/\/pomerania.org.pl\/wp-content\/uploads\/2023\/01\/telefon-275x300.jpg 275w, https:\/\/pomerania.org.pl\/wp-content\/uploads\/2023\/01\/telefon.jpg 335w\" src=\"https:\/\/pomerania.org.pl\/wp-content\/uploads\/2023\/01\/telefon-275x300.jpg\" alt=\"\">+48 793 786 230<\/p>\n\n\n\n<p><\/p>\n","protected":false},"excerpt":{"rendered":"<p>Informujemy, i\u017c Zarz\u0105dzaj\u0105cy FMP w SC. 4.6 \u201eKultura i zr\u00f3wnowa\u017cona turystyka\u201d zaplanowa\u0142 na 2026 rok pul\u0119 \u015brodk\u00f3w na dofinansowanie \u201ema\u0142ych projekt\u00f3w\u201d w wysoko\u015bci 900&nbsp;000,00 EUR EFRR. Ustalono tak\u017ce terminy posiedze\u0144 Euroregionalnego Komitetu Steruj\u0105cego w 2026 roku i harmonogram sk\u0142adania wniosk\u00f3w: Uwaga! Wnioski kierowane s\u0105 na poszczeg\u00f3lne posiedzenia EKS w zale\u017cno\u015bci od terminu g\u0142\u00f3wnych dzia\u0142a\u0144 w [&hellip;]<\/p>\n","protected":false},"author":2,"featured_media":7645,"comment_status":"closed","ping_status":"closed","sticky":false,"template":"","format":"standard","meta":{"footnotes":""},"categories":[25],"tags":[],"class_list":["post-7644","post","type-post","status-publish","format-standard","has-post-thumbnail","hentry","category-fmp"],"post_mailing_queue_ids":[],"_links":{"self":[{"href":"https:\/\/pomerania.org.pl\/index.php?rest_route=\/wp\/v2\/posts\/7644","targetHints":{"allow":["GET"]}}],"collection":[{"href":"https:\/\/pomerania.org.pl\/index.php?rest_route=\/wp\/v2\/posts"}],"about":[{"href":"https:\/\/pomerania.org.pl\/index.php?rest_route=\/wp\/v2\/types\/post"}],"author":[{"embeddable":true,"href":"https:\/\/pomerania.org.pl\/index.php?rest_route=\/wp\/v2\/users\/2"}],"replies":[{"embeddable":true,"href":"https:\/\/pomerania.org.pl\/index.php?rest_route=%2Fwp%2Fv2%2Fcomments&post=7644"}],"version-history":[{"count":2,"href":"https:\/\/pomerania.org.pl\/index.php?rest_route=\/wp\/v2\/posts\/7644\/revisions"}],"predecessor-version":[{"id":7651,"href":"https:\/\/pomerania.org.pl\/index.php?rest_route=\/wp\/v2\/posts\/7644\/revisions\/7651"}],"wp:featuredmedia":[{"embeddable":true,"href":"https:\/\/pomerania.org.pl\/index.php?rest_route=\/wp\/v2\/media\/7645"}],"wp:attachment":[{"href":"https:\/\/pomerania.org.pl\/index.php?rest_route=%2Fwp%2Fv2%2Fmedia&parent=7644"}],"wp:term":[{"taxonomy":"category","embeddable":true,"href":"https:\/\/pomerania.org.pl\/index.php?rest_route=%2Fwp%2Fv2%2Fcategories&post=7644"},{"taxonomy":"post_tag","embeddable":true,"href":"https:\/\/pomerania.org.pl\/index.php?rest_route=%2Fwp%2Fv2%2Ftags&post=7644"}],"curies":[{"name":"wp","href":"https:\/\/api.w.org\/{rel}","templated":true}]}}