{"id":7702,"date":"2025-09-10T10:38:48","date_gmt":"2025-09-10T08:38:48","guid":{"rendered":"https:\/\/pomerania.org.pl\/?p=7702"},"modified":"2025-10-09T13:46:58","modified_gmt":"2025-10-09T11:46:58","slug":"dni-wspolpracy-polsko-niemieckiej-2025","status":"publish","type":"post","link":"https:\/\/pomerania.org.pl\/?p=7702","title":{"rendered":"Dni Wsp\u00f3\u0142pracy Polsko-Niemieckiej 2025 &#8211; Zaproszenie"},"content":{"rendered":"\n<p>Szanowni Pa\u0144stwo,<\/p>\n\n\n\n<p>z przyjemno\u015bci\u0105 zapraszamy Pa\u0144stwa na <strong>8. Dni Wsp\u00f3\u0142pracy Polsko-Niemieckiej<\/strong>, kt\u00f3re odb\u0119d\u0105 si\u0119<br><strong>8 pa\u017adziernika 2025 r<\/strong>. w Szczecinie. Tematem przewodnim tegorocznych dni wsp\u00f3\u0142pracy b\u0119dzie<strong> \u201eGranica, kt\u00f3ra \u0142\u0105czy \u2013 wsp\u00f3lny rozw\u00f3j po obu stronach Odry\u201d<\/strong>. Tegoroczny motyw przewodni podkre\u015bla partnersk\u0105 wsp\u00f3\u0142prac\u0119 transgraniczn\u0105, wzajemne zrozumienie oraz zbli\u017cenie kultur, spo\u0142ecze\u0144stw i gospodarek Polski i Niemiec. Program obejmuje panele dyskusyjne, prezentacje dobrych praktyk, wydarzenia kulturalne oraz spotkania integracyjne, kt\u00f3re sprzyjaj\u0105 budowaniu trwa\u0142ych relacji i wsp\u00f3lnemu planowaniu przysz\u0142o\u015bci regionu. Szczeg\u00f3lnym punktem programu b\u0119dzie polsko-niemiecka wymiana do\u015bwiadcze\u0144 podczas rejsu statkiem Odra Queen w dniu 8 pa\u017adziernika 2025 r. Podczas spotkania przedstawiciele w\u0142adz, instytucji<br>i organizacji z obu stron Odry b\u0119d\u0105 rozmawia\u0107 o mo\u017cliwo\u015bciach dalszego rozwoju wsp\u00f3\u0142pracy oraz<br>o dobrych praktykach w zakresie zr\u00f3wnowa\u017conego rozwoju turystyki.<\/p>\n\n\n\n<p>Organizatorem wydarzenia jest Miasto Szczecin oraz Sie\u0107 Informacyjno-Doradcza, dzia\u0142aj\u0105ca przy&nbsp; Stowarzyszeniu Gmin Polskich Euroregionu Pomerania. Wydarzenie jest dofinansowane ze \u015brodk\u00f3w Europejskiego Funduszu Rozwoju Regionalnego w ramach Programu Wsp\u00f3\u0142pracy Interreg VIA Meklemburgia-Pomorze Przednie\/Brandenburgia\/Polska 2021-2027.&nbsp;<\/p>\n\n\n\n<p>Jednocze\u015bnie w za\u0142\u0105czeniu przesy\u0142amy szczeg\u00f3\u0142owy program wydarzenia i zapraszamy do odwiedzenia strony internetowej DWPN: <a href=\"https:\/\/dwpn.szczecin.eu\/\">https:\/\/dwpn.szczecin.eu\/<\/a> , gdzie znajd\u0105 Pa\u0144stwo informacje o wydarzeniach towarzysz\u0105cych o charakterze polsko-niemieckim.<\/p>\n\n\n\n<p><strong>Zg\u0142oszenia do udzia\u0142u mo\u017cna dokona\u0107 poprzez formularz rejestracji online: <\/strong><a href=\"https:\/\/forms.gle\/LVDGAPRsX257BwVL8\"><strong>https:\/\/forms.gle\/LVDGAPRsX257BwVL8<\/strong><\/a><strong> Zg\u0142oszenia s\u0105 przyjmowane do 3 pa\u017adziernika 2025 r.<\/strong><br>Udzia\u0142 w wydarzeniu jest bezp\u0142atny. Spotkanie b\u0119dzie t\u0142umaczone symultanicznie.<\/p>\n\n\n\n<p class=\"has-text-align-center\">Serdecznie zapraszamy<\/p>\n\n\n\n<div class=\"wp-block-columns is-layout-flex wp-container-core-columns-is-layout-9d6595d7 wp-block-columns-is-layout-flex\">\n<div class=\"wp-block-column is-layout-flow wp-block-column-is-layout-flow\">\n<p class=\"has-text-align-center\">Dyrektor Stowarzyszenia Gmin Polskich <\/p>\n\n\n\n<p class=\"has-text-align-center\">Euroregionu Pomerania<\/p>\n\n\n\n<p class=\"has-text-align-center\">Pawe\u0142 Bartnik<\/p>\n<\/div>\n\n\n\n<div class=\"wp-block-column is-layout-flow wp-block-column-is-layout-flow\">\n<p class=\"has-text-align-center\">Prezydent <\/p>\n\n\n\n<p class=\"has-text-align-center\">Miasta Szczecin<\/p>\n\n\n\n<p class=\"has-text-align-center\">Piotr Krzystek<\/p>\n<\/div>\n<\/div>\n\n\n\n<div class=\"wp-block-columns is-layout-flex wp-container-core-columns-is-layout-9d6595d7 wp-block-columns-is-layout-flex\">\n<div class=\"wp-block-column is-layout-flow wp-block-column-is-layout-flow\"><div class=\"wp-block-image\">\n<figure class=\"aligncenter size-full is-resized\"><img loading=\"lazy\" decoding=\"async\" width=\"262\" height=\"119\" src=\"https:\/\/pomerania.org.pl\/wp-content\/uploads\/2025\/09\/PB.png\" alt=\"\" class=\"wp-image-7706\" style=\"width:159px;height:auto\"\/><\/figure>\n<\/div><\/div>\n\n\n\n<div class=\"wp-block-column is-layout-flow wp-block-column-is-layout-flow\"><div class=\"wp-block-image\">\n<figure class=\"aligncenter size-full is-resized\"><img loading=\"lazy\" decoding=\"async\" width=\"454\" height=\"154\" src=\"https:\/\/pomerania.org.pl\/wp-content\/uploads\/2025\/09\/PK.png\" alt=\"\" class=\"wp-image-7707\" style=\"width:203px;height:auto\" srcset=\"https:\/\/pomerania.org.pl\/wp-content\/uploads\/2025\/09\/PK.png 454w, https:\/\/pomerania.org.pl\/wp-content\/uploads\/2025\/09\/PK-300x102.png 300w\" sizes=\"auto, (max-width: 454px) 100vw, 454px\" \/><\/figure>\n<\/div><\/div>\n<\/div>\n\n\n<div class=\"wp-block-image\">\n<figure class=\"aligncenter size-full\"><img loading=\"lazy\" decoding=\"async\" width=\"515\" height=\"687\" src=\"https:\/\/pomerania.org.pl\/wp-content\/uploads\/2025\/09\/program-I-pl.png\" alt=\"\" class=\"wp-image-7718\" srcset=\"https:\/\/pomerania.org.pl\/wp-content\/uploads\/2025\/09\/program-I-pl.png 515w, https:\/\/pomerania.org.pl\/wp-content\/uploads\/2025\/09\/program-I-pl-225x300.png 225w\" sizes=\"auto, (max-width: 515px) 100vw, 515px\" \/><\/figure>\n<\/div>\n\n<div class=\"wp-block-image\">\n<figure class=\"aligncenter size-full\"><img loading=\"lazy\" decoding=\"async\" width=\"516\" height=\"711\" src=\"https:\/\/pomerania.org.pl\/wp-content\/uploads\/2025\/09\/program-pl.png\" alt=\"\" class=\"wp-image-7716\" srcset=\"https:\/\/pomerania.org.pl\/wp-content\/uploads\/2025\/09\/program-pl.png 516w, https:\/\/pomerania.org.pl\/wp-content\/uploads\/2025\/09\/program-pl-218x300.png 218w\" sizes=\"auto, (max-width: 516px) 100vw, 516px\" \/><\/figure>\n<\/div>\n\n\n<div class=\"wp-block-file has-electric-grass-gradient-background has-background\"><a id=\"wp-block-file--media-5af4cabc-e531-4743-ba2f-c18c50cd59a9\" href=\"https:\/\/pomerania.org.pl\/wp-content\/uploads\/2025\/09\/Program-PL.pdf\">Program PL<\/a><a href=\"https:\/\/pomerania.org.pl\/wp-content\/uploads\/2025\/09\/Program-PL.pdf\" class=\"wp-block-file__button wp-element-button\" download aria-describedby=\"wp-block-file--media-5af4cabc-e531-4743-ba2f-c18c50cd59a9\">Pobierz<\/a><\/div>\n","protected":false},"excerpt":{"rendered":"<p>Szanowni Pa\u0144stwo, z przyjemno\u015bci\u0105 zapraszamy Pa\u0144stwa na 8. Dni Wsp\u00f3\u0142pracy Polsko-Niemieckiej, kt\u00f3re odb\u0119d\u0105 si\u01198 pa\u017adziernika 2025 r. w Szczecinie. Tematem przewodnim tegorocznych dni wsp\u00f3\u0142pracy b\u0119dzie \u201eGranica, kt\u00f3ra \u0142\u0105czy \u2013 wsp\u00f3lny rozw\u00f3j po obu stronach Odry\u201d. Tegoroczny motyw przewodni podkre\u015bla partnersk\u0105 wsp\u00f3\u0142prac\u0119 transgraniczn\u0105, wzajemne zrozumienie oraz zbli\u017cenie kultur, spo\u0142ecze\u0144stw i gospodarek Polski i Niemiec. Program obejmuje [&hellip;]<\/p>\n","protected":false},"author":1,"featured_media":7703,"comment_status":"closed","ping_status":"closed","sticky":false,"template":"","format":"standard","meta":{"footnotes":""},"categories":[95],"tags":[],"class_list":["post-7702","post","type-post","status-publish","format-standard","has-post-thumbnail","hentry","category-sid"],"post_mailing_queue_ids":[],"_links":{"self":[{"href":"https:\/\/pomerania.org.pl\/index.php?rest_route=\/wp\/v2\/posts\/7702","targetHints":{"allow":["GET"]}}],"collection":[{"href":"https:\/\/pomerania.org.pl\/index.php?rest_route=\/wp\/v2\/posts"}],"about":[{"href":"https:\/\/pomerania.org.pl\/index.php?rest_route=\/wp\/v2\/types\/post"}],"author":[{"embeddable":true,"href":"https:\/\/pomerania.org.pl\/index.php?rest_route=\/wp\/v2\/users\/1"}],"replies":[{"embeddable":true,"href":"https:\/\/pomerania.org.pl\/index.php?rest_route=%2Fwp%2Fv2%2Fcomments&post=7702"}],"version-history":[{"count":8,"href":"https:\/\/pomerania.org.pl\/index.php?rest_route=\/wp\/v2\/posts\/7702\/revisions"}],"predecessor-version":[{"id":7872,"href":"https:\/\/pomerania.org.pl\/index.php?rest_route=\/wp\/v2\/posts\/7702\/revisions\/7872"}],"wp:featuredmedia":[{"embeddable":true,"href":"https:\/\/pomerania.org.pl\/index.php?rest_route=\/wp\/v2\/media\/7703"}],"wp:attachment":[{"href":"https:\/\/pomerania.org.pl\/index.php?rest_route=%2Fwp%2Fv2%2Fmedia&parent=7702"}],"wp:term":[{"taxonomy":"category","embeddable":true,"href":"https:\/\/pomerania.org.pl\/index.php?rest_route=%2Fwp%2Fv2%2Fcategories&post=7702"},{"taxonomy":"post_tag","embeddable":true,"href":"https:\/\/pomerania.org.pl\/index.php?rest_route=%2Fwp%2Fv2%2Ftags&post=7702"}],"curies":[{"name":"wp","href":"https:\/\/api.w.org\/{rel}","templated":true}]}}