{"id":8233,"date":"2026-01-14T10:06:41","date_gmt":"2026-01-14T09:06:41","guid":{"rendered":"https:\/\/pomerania.org.pl\/?p=8233"},"modified":"2026-01-14T10:35:55","modified_gmt":"2026-01-14T09:35:55","slug":"zapraszamy-do-udzialu-w-laboratorium-wyn","status":"publish","type":"post","link":"https:\/\/pomerania.org.pl\/?p=8233","title":{"rendered":"Zapraszamy do udzia\u0142u w Laboratorium wymiany"},"content":{"rendered":"\n<p>Szanowni Pa\u0144stwo,<\/p>\n\n\n\n<p>Polsko-Niemiecka Wsp\u00f3\u0142praca M\u0142odzie\u017cy (PNWM) serdecznie zaprasza do udzia\u0142u w \u00f3smym ju\u017c LABORATORIUM WYMIANY \u2013 kongresie polsko-niemieckiej wymiany szkolnej. To dwudniowe wydarzenie ma na celu wymian\u0119 do\u015bwiadcze\u0144, nawi\u0105zanie wsp\u00f3\u0142pracy oraz poszerzenie wiedzy i umiej\u0119tno\u015bci kreowania mi\u0119dzynarodowych projekt\u00f3w.<\/p>\n\n\n\n<p><strong>Termin:<\/strong> 20-21 kwietnia 2026<br><strong>Miejsce:<\/strong> Gda\u0144sk, Hevelianum (ul. Gradowa 6)<\/p>\n\n\n\n<p>Szczeg\u00f3\u0142y dotycz\u0105ce warunk\u00f3w uczestnictwa, wp\u0142at, programu i warsztat\u00f3w znajd\u0105 Pa\u0144stwo na stronie internetowej: <a href=\"https:\/\/pnwm.org\/laboratorium-wymiany-2026\/\">https:\/\/pnwm.org\/laboratorium-wymiany-2026\/<\/a>.<\/p>\n\n\n\n<p><strong>Uwaga: Rejestracja jest aktywna od wtorku 13.01.2026 r., od godz. 12.00<\/strong> pod <a href=\"https:\/\/wiki.dpjw.org\/webform7\/pl\/node\/590\" class=\"broken_link\">tym linkiem<\/a>. Prosimy zapami\u0119ta\u0107 t\u0119 dat\u0119, gdy\u017c liczba miejsc jest ograniczona.<\/p>\n\n\n\n<p>W przypadku pyta\u0144 prosimy o kontakt na adres: <a href=\"mailto:austausch-laboratorium@pnwm.org\">austausch-laboratorium@pnwm.org<\/a>.<\/p>\n\n\n\n<p>Cieszymy si\u0119 na spotkanie z Pa\u0144stwem!<\/p>\n\n\n\n<p>\u00a0<br>Zarz\u0105d i Referat Wspierania Wymiany Szkolnej PNWM<\/p>\n\n\n\n<p><\/p>\n","protected":false},"excerpt":{"rendered":"<p>Szanowni Pa\u0144stwo, Polsko-Niemiecka Wsp\u00f3\u0142praca M\u0142odzie\u017cy (PNWM) serdecznie zaprasza do udzia\u0142u w \u00f3smym ju\u017c LABORATORIUM WYMIANY \u2013 kongresie polsko-niemieckiej wymiany szkolnej. To dwudniowe wydarzenie ma na celu wymian\u0119 do\u015bwiadcze\u0144, nawi\u0105zanie wsp\u00f3\u0142pracy oraz poszerzenie wiedzy i umiej\u0119tno\u015bci kreowania mi\u0119dzynarodowych projekt\u00f3w. Termin: 20-21 kwietnia 2026Miejsce: Gda\u0144sk, Hevelianum (ul. Gradowa 6) Szczeg\u00f3\u0142y dotycz\u0105ce warunk\u00f3w uczestnictwa, wp\u0142at, programu i warsztat\u00f3w [&hellip;]<\/p>\n","protected":false},"author":1,"featured_media":8236,"comment_status":"closed","ping_status":"closed","sticky":false,"template":"","format":"standard","meta":{"footnotes":""},"categories":[26],"tags":[],"class_list":["post-8233","post","type-post","status-publish","format-standard","has-post-thumbnail","hentry","category-pnwm"],"post_mailing_queue_ids":[],"_links":{"self":[{"href":"https:\/\/pomerania.org.pl\/index.php?rest_route=\/wp\/v2\/posts\/8233","targetHints":{"allow":["GET"]}}],"collection":[{"href":"https:\/\/pomerania.org.pl\/index.php?rest_route=\/wp\/v2\/posts"}],"about":[{"href":"https:\/\/pomerania.org.pl\/index.php?rest_route=\/wp\/v2\/types\/post"}],"author":[{"embeddable":true,"href":"https:\/\/pomerania.org.pl\/index.php?rest_route=\/wp\/v2\/users\/1"}],"replies":[{"embeddable":true,"href":"https:\/\/pomerania.org.pl\/index.php?rest_route=%2Fwp%2Fv2%2Fcomments&post=8233"}],"version-history":[{"count":2,"href":"https:\/\/pomerania.org.pl\/index.php?rest_route=\/wp\/v2\/posts\/8233\/revisions"}],"predecessor-version":[{"id":8237,"href":"https:\/\/pomerania.org.pl\/index.php?rest_route=\/wp\/v2\/posts\/8233\/revisions\/8237"}],"wp:featuredmedia":[{"embeddable":true,"href":"https:\/\/pomerania.org.pl\/index.php?rest_route=\/wp\/v2\/media\/8236"}],"wp:attachment":[{"href":"https:\/\/pomerania.org.pl\/index.php?rest_route=%2Fwp%2Fv2%2Fmedia&parent=8233"}],"wp:term":[{"taxonomy":"category","embeddable":true,"href":"https:\/\/pomerania.org.pl\/index.php?rest_route=%2Fwp%2Fv2%2Fcategories&post=8233"},{"taxonomy":"post_tag","embeddable":true,"href":"https:\/\/pomerania.org.pl\/index.php?rest_route=%2Fwp%2Fv2%2Ftags&post=8233"}],"curies":[{"name":"wp","href":"https:\/\/api.w.org\/{rel}","templated":true}]}}