{"id":8575,"date":"2026-04-24T12:18:34","date_gmt":"2026-04-24T10:18:34","guid":{"rendered":"https:\/\/pomerania.org.pl\/?p=8575"},"modified":"2026-04-27T10:31:49","modified_gmt":"2026-04-27T08:31:49","slug":"sztuczna-inteligencja-w-praktyce","status":"publish","type":"post","link":"https:\/\/pomerania.org.pl\/?p=8575","title":{"rendered":"Sztuczna inteligencja w praktyce"},"content":{"rendered":"\n<p>W dniu 23 kwietnia 2026 roku w Urz\u0119dzie Marsza\u0142kowskim w Szczecinie, w Sali Delfin, odby\u0142o si\u0119 szkolenie pn. \u201eSztuczna inteligencja w praktyce \u2013 jak pracowa\u0107 wydajniej i przyspieszy\u0107 rozw\u00f3j firmy\u201d.<\/p>\n\n\n\n<p>W wydarzeniu uczestniczyli przedstawiciele r\u00f3\u017cnych bran\u017c zawodowych z Polski i Niemiec, zainteresowani mo\u017cliwo\u015bciami, jakie oferuj\u0105 wsp\u00f3\u0142czesne technologie. Szkolenie zosta\u0142o przeprowadzone przez dr hab. Adama Stecyka, prof. Uniwersytetu Szczeci\u0144skiego przewodnicz\u0105cego Rektorskiej Komisji ds. narz\u0119dzi sztucznej inteligencji w Uniwersytecie Szczeci\u0144skim.<\/p>\n\n\n\n<p>Podczas spotkania podkre\u015blono, \u017ce kompetencje cyfrowe to dzi\u015b podstawa sprawnego funkcjonowania w \u015bwiecie nauki, pracy i \u017cycia codziennego. Ich rozw\u00f3j otwiera nowe mo\u017cliwo\u015bci zar\u00f3wno dla jednostek, jak i ca\u0142ego spo\u0142ecze\u0144stwa. Obecnie uznawane s\u0105 one za niezb\u0119dne do sprawnego funkcjonowania we wsp\u00f3\u0142czesnym \u015bwiecie oraz efektywnego korzystania z rozwi\u0105za\u0144 oferowanych przez technologie cyfrowe.<\/p>\n\n\n\n<p>Wydarzenie cieszy\u0142o si\u0119 bardzo du\u017cym zainteresowaniem i zosta\u0142o wysoko ocenione przez uczestnik\u00f3w. W trakcie spotkania panowa\u0142a du\u017ca aktywno\u015b\u0107 \u2013 pad\u0142o wiele pyta\u0144 z sali, dotycz\u0105cych zar\u00f3wno mo\u017cliwo\u015bci, jak i potencjalnych zagro\u017ce\u0144 zwi\u0105zanych z dynamicznym rozwojem sztucznej inteligencji.<\/p>\n\n\n\n<p>Spotkanie umo\u017cliwi\u0142o uczestnikom poszerzenie wiedzy na temat wykorzystania sztucznej inteligencji w optymalizacji proces\u00f3w biznesowych, zwi\u0119kszaniu efektywno\u015bci dzia\u0142ania organizacji oraz tworzeniu innowacyjnych rozwi\u0105za\u0144.<\/p>\n\n\n\n<p>Udzia\u0142 w tym wydarzeniu zosta\u0142 dofinansowany z projektu Sieci Informacyjno-Doradczej ze \u015brodk\u00f3w Europejskiego Funduszu Rozwoju Regionalnego w ramach Programu Wsp\u00f3\u0142pracy Interreg VIA Meklemburgia-Pomorze Przednie\/Brandenburgia\/Polska 2021-2027 (SID Szczecin i IBN Neubrandenburg).<\/p>\n\n\n\n<figure class=\"wp-block-gallery has-nested-images columns-default is-cropped wp-block-gallery-2 is-layout-flex wp-block-gallery-is-layout-flex\">\n<figure class=\"wp-block-image size-large\"><img loading=\"lazy\" decoding=\"async\" width=\"1709\" height=\"2560\" data-id=\"8577\" src=\"https:\/\/pomerania.org.pl\/wp-content\/uploads\/2026\/04\/szkolenie_23_04_2026_21-scaled.jpg\" alt=\"\" class=\"wp-image-8577\" srcset=\"https:\/\/pomerania.org.pl\/wp-content\/uploads\/2026\/04\/szkolenie_23_04_2026_21-scaled.jpg 1709w, https:\/\/pomerania.org.pl\/wp-content\/uploads\/2026\/04\/szkolenie_23_04_2026_21-200x300.jpg 200w, https:\/\/pomerania.org.pl\/wp-content\/uploads\/2026\/04\/szkolenie_23_04_2026_21-768x1150.jpg 768w, https:\/\/pomerania.org.pl\/wp-content\/uploads\/2026\/04\/szkolenie_23_04_2026_21-1026x1536.jpg 1026w, https:\/\/pomerania.org.pl\/wp-content\/uploads\/2026\/04\/szkolenie_23_04_2026_21-1367x2048.jpg 1367w\" sizes=\"auto, (max-width: 1709px) 100vw, 1709px\" \/><\/figure>\n\n\n\n<figure class=\"wp-block-image size-large\"><img loading=\"lazy\" decoding=\"async\" width=\"5000\" height=\"3338\" data-id=\"8590\" src=\"https:\/\/pomerania.org.pl\/wp-content\/uploads\/2026\/04\/szkolenie_23_04_2026_131-5000x3338.jpg\" alt=\"\" class=\"wp-image-8590\" srcset=\"https:\/\/pomerania.org.pl\/wp-content\/uploads\/2026\/04\/szkolenie_23_04_2026_131-5000x3338.jpg 5000w, https:\/\/pomerania.org.pl\/wp-content\/uploads\/2026\/04\/szkolenie_23_04_2026_131-300x200.jpg 300w, https:\/\/pomerania.org.pl\/wp-content\/uploads\/2026\/04\/szkolenie_23_04_2026_131-768x513.jpg 768w, https:\/\/pomerania.org.pl\/wp-content\/uploads\/2026\/04\/szkolenie_23_04_2026_131-1536x1025.jpg 1536w, https:\/\/pomerania.org.pl\/wp-content\/uploads\/2026\/04\/szkolenie_23_04_2026_131-2048x1367.jpg 2048w\" sizes=\"auto, (max-width: 5000px) 100vw, 5000px\" \/><\/figure>\n\n\n\n<figure class=\"wp-block-image size-large\"><img loading=\"lazy\" decoding=\"async\" width=\"1709\" height=\"2560\" data-id=\"8587\" src=\"https:\/\/pomerania.org.pl\/wp-content\/uploads\/2026\/04\/szkolenie_23_04_2026_101-scaled.jpg\" alt=\"\" class=\"wp-image-8587\" srcset=\"https:\/\/pomerania.org.pl\/wp-content\/uploads\/2026\/04\/szkolenie_23_04_2026_101-scaled.jpg 1709w, https:\/\/pomerania.org.pl\/wp-content\/uploads\/2026\/04\/szkolenie_23_04_2026_101-200x300.jpg 200w, https:\/\/pomerania.org.pl\/wp-content\/uploads\/2026\/04\/szkolenie_23_04_2026_101-768x1150.jpg 768w, https:\/\/pomerania.org.pl\/wp-content\/uploads\/2026\/04\/szkolenie_23_04_2026_101-1026x1536.jpg 1026w, https:\/\/pomerania.org.pl\/wp-content\/uploads\/2026\/04\/szkolenie_23_04_2026_101-1367x2048.jpg 1367w\" sizes=\"auto, (max-width: 1709px) 100vw, 1709px\" \/><\/figure>\n\n\n\n<figure class=\"wp-block-image size-large\"><img loading=\"lazy\" decoding=\"async\" width=\"5000\" height=\"3210\" data-id=\"8576\" src=\"https:\/\/pomerania.org.pl\/wp-content\/uploads\/2026\/04\/szkolenie_23_04_2026_11-5000x3210.jpg\" alt=\"\" class=\"wp-image-8576\" srcset=\"https:\/\/pomerania.org.pl\/wp-content\/uploads\/2026\/04\/szkolenie_23_04_2026_11-5000x3210.jpg 5000w, https:\/\/pomerania.org.pl\/wp-content\/uploads\/2026\/04\/szkolenie_23_04_2026_11-300x193.jpg 300w, https:\/\/pomerania.org.pl\/wp-content\/uploads\/2026\/04\/szkolenie_23_04_2026_11-768x493.jpg 768w, https:\/\/pomerania.org.pl\/wp-content\/uploads\/2026\/04\/szkolenie_23_04_2026_11-1536x986.jpg 1536w, https:\/\/pomerania.org.pl\/wp-content\/uploads\/2026\/04\/szkolenie_23_04_2026_11-2048x1315.jpg 2048w\" sizes=\"auto, (max-width: 5000px) 100vw, 5000px\" \/><\/figure>\n\n\n\n<figure class=\"wp-block-image size-large\"><img loading=\"lazy\" decoding=\"async\" width=\"5000\" height=\"3338\" data-id=\"8579\" src=\"https:\/\/pomerania.org.pl\/wp-content\/uploads\/2026\/04\/szkolenie_23_04_2026_31-5000x3338.jpg\" alt=\"\" class=\"wp-image-8579\" srcset=\"https:\/\/pomerania.org.pl\/wp-content\/uploads\/2026\/04\/szkolenie_23_04_2026_31-5000x3338.jpg 5000w, https:\/\/pomerania.org.pl\/wp-content\/uploads\/2026\/04\/szkolenie_23_04_2026_31-300x200.jpg 300w, https:\/\/pomerania.org.pl\/wp-content\/uploads\/2026\/04\/szkolenie_23_04_2026_31-768x513.jpg 768w, https:\/\/pomerania.org.pl\/wp-content\/uploads\/2026\/04\/szkolenie_23_04_2026_31-1536x1025.jpg 1536w, https:\/\/pomerania.org.pl\/wp-content\/uploads\/2026\/04\/szkolenie_23_04_2026_31-2048x1367.jpg 2048w\" sizes=\"auto, (max-width: 5000px) 100vw, 5000px\" \/><\/figure>\n\n\n\n<figure class=\"wp-block-image size-large\"><img loading=\"lazy\" decoding=\"async\" width=\"5000\" height=\"3338\" data-id=\"8580\" src=\"https:\/\/pomerania.org.pl\/wp-content\/uploads\/2026\/04\/szkolenie_23_04_2026_41-5000x3338.jpg\" alt=\"\" class=\"wp-image-8580\" srcset=\"https:\/\/pomerania.org.pl\/wp-content\/uploads\/2026\/04\/szkolenie_23_04_2026_41-5000x3338.jpg 5000w, https:\/\/pomerania.org.pl\/wp-content\/uploads\/2026\/04\/szkolenie_23_04_2026_41-300x200.jpg 300w, https:\/\/pomerania.org.pl\/wp-content\/uploads\/2026\/04\/szkolenie_23_04_2026_41-768x513.jpg 768w, https:\/\/pomerania.org.pl\/wp-content\/uploads\/2026\/04\/szkolenie_23_04_2026_41-1536x1025.jpg 1536w, https:\/\/pomerania.org.pl\/wp-content\/uploads\/2026\/04\/szkolenie_23_04_2026_41-2048x1367.jpg 2048w\" sizes=\"auto, (max-width: 5000px) 100vw, 5000px\" \/><\/figure>\n\n\n\n<figure class=\"wp-block-image size-large\"><img loading=\"lazy\" decoding=\"async\" width=\"5000\" height=\"3338\" data-id=\"8582\" src=\"https:\/\/pomerania.org.pl\/wp-content\/uploads\/2026\/04\/szkolenie_23_04_2026_51-5000x3338.jpg\" alt=\"\" class=\"wp-image-8582\" srcset=\"https:\/\/pomerania.org.pl\/wp-content\/uploads\/2026\/04\/szkolenie_23_04_2026_51-5000x3338.jpg 5000w, https:\/\/pomerania.org.pl\/wp-content\/uploads\/2026\/04\/szkolenie_23_04_2026_51-300x200.jpg 300w, https:\/\/pomerania.org.pl\/wp-content\/uploads\/2026\/04\/szkolenie_23_04_2026_51-768x513.jpg 768w, https:\/\/pomerania.org.pl\/wp-content\/uploads\/2026\/04\/szkolenie_23_04_2026_51-1536x1025.jpg 1536w, https:\/\/pomerania.org.pl\/wp-content\/uploads\/2026\/04\/szkolenie_23_04_2026_51-2048x1367.jpg 2048w\" sizes=\"auto, (max-width: 5000px) 100vw, 5000px\" \/><\/figure>\n\n\n\n<figure class=\"wp-block-image size-large\"><img loading=\"lazy\" decoding=\"async\" width=\"5000\" height=\"3338\" data-id=\"8585\" src=\"https:\/\/pomerania.org.pl\/wp-content\/uploads\/2026\/04\/szkolenie_23_04_2026_71-5000x3338.jpg\" alt=\"\" class=\"wp-image-8585\" srcset=\"https:\/\/pomerania.org.pl\/wp-content\/uploads\/2026\/04\/szkolenie_23_04_2026_71-5000x3338.jpg 5000w, https:\/\/pomerania.org.pl\/wp-content\/uploads\/2026\/04\/szkolenie_23_04_2026_71-300x200.jpg 300w, https:\/\/pomerania.org.pl\/wp-content\/uploads\/2026\/04\/szkolenie_23_04_2026_71-768x513.jpg 768w, https:\/\/pomerania.org.pl\/wp-content\/uploads\/2026\/04\/szkolenie_23_04_2026_71-1536x1025.jpg 1536w, https:\/\/pomerania.org.pl\/wp-content\/uploads\/2026\/04\/szkolenie_23_04_2026_71-2048x1367.jpg 2048w\" sizes=\"auto, (max-width: 5000px) 100vw, 5000px\" \/><\/figure>\n\n\n\n<figure class=\"wp-block-image size-large\"><img loading=\"lazy\" decoding=\"async\" width=\"5000\" height=\"3338\" data-id=\"8586\" src=\"https:\/\/pomerania.org.pl\/wp-content\/uploads\/2026\/04\/szkolenie_23_04_2026_91-5000x3338.jpg\" alt=\"\" class=\"wp-image-8586\" srcset=\"https:\/\/pomerania.org.pl\/wp-content\/uploads\/2026\/04\/szkolenie_23_04_2026_91-5000x3338.jpg 5000w, https:\/\/pomerania.org.pl\/wp-content\/uploads\/2026\/04\/szkolenie_23_04_2026_91-300x200.jpg 300w, https:\/\/pomerania.org.pl\/wp-content\/uploads\/2026\/04\/szkolenie_23_04_2026_91-768x513.jpg 768w, https:\/\/pomerania.org.pl\/wp-content\/uploads\/2026\/04\/szkolenie_23_04_2026_91-1536x1025.jpg 1536w, https:\/\/pomerania.org.pl\/wp-content\/uploads\/2026\/04\/szkolenie_23_04_2026_91-2048x1367.jpg 2048w\" sizes=\"auto, (max-width: 5000px) 100vw, 5000px\" \/><\/figure>\n\n\n\n<figure class=\"wp-block-image size-large\"><img loading=\"lazy\" decoding=\"async\" width=\"5000\" height=\"3338\" data-id=\"8588\" src=\"https:\/\/pomerania.org.pl\/wp-content\/uploads\/2026\/04\/szkolenie_23_04_2026_111-5000x3338.jpg\" alt=\"\" class=\"wp-image-8588\" srcset=\"https:\/\/pomerania.org.pl\/wp-content\/uploads\/2026\/04\/szkolenie_23_04_2026_111-5000x3338.jpg 5000w, https:\/\/pomerania.org.pl\/wp-content\/uploads\/2026\/04\/szkolenie_23_04_2026_111-300x200.jpg 300w, https:\/\/pomerania.org.pl\/wp-content\/uploads\/2026\/04\/szkolenie_23_04_2026_111-768x513.jpg 768w, https:\/\/pomerania.org.pl\/wp-content\/uploads\/2026\/04\/szkolenie_23_04_2026_111-1536x1025.jpg 1536w, https:\/\/pomerania.org.pl\/wp-content\/uploads\/2026\/04\/szkolenie_23_04_2026_111-2048x1367.jpg 2048w\" sizes=\"auto, (max-width: 5000px) 100vw, 5000px\" \/><\/figure>\n\n\n\n<figure class=\"wp-block-image size-large\"><img loading=\"lazy\" decoding=\"async\" width=\"5000\" height=\"3338\" data-id=\"8589\" src=\"https:\/\/pomerania.org.pl\/wp-content\/uploads\/2026\/04\/szkolenie_23_04_2026_121-5000x3338.jpg\" alt=\"\" class=\"wp-image-8589\" srcset=\"https:\/\/pomerania.org.pl\/wp-content\/uploads\/2026\/04\/szkolenie_23_04_2026_121-5000x3338.jpg 5000w, https:\/\/pomerania.org.pl\/wp-content\/uploads\/2026\/04\/szkolenie_23_04_2026_121-300x200.jpg 300w, https:\/\/pomerania.org.pl\/wp-content\/uploads\/2026\/04\/szkolenie_23_04_2026_121-768x513.jpg 768w, https:\/\/pomerania.org.pl\/wp-content\/uploads\/2026\/04\/szkolenie_23_04_2026_121-1536x1025.jpg 1536w, https:\/\/pomerania.org.pl\/wp-content\/uploads\/2026\/04\/szkolenie_23_04_2026_121-2048x1367.jpg 2048w\" sizes=\"auto, (max-width: 5000px) 100vw, 5000px\" \/><\/figure>\n\n\n\n<figure class=\"wp-block-image size-large\"><img loading=\"lazy\" decoding=\"async\" width=\"5000\" height=\"3338\" data-id=\"8592\" src=\"https:\/\/pomerania.org.pl\/wp-content\/uploads\/2026\/04\/szkolenie_23_04_2026_151-5000x3338.jpg\" alt=\"\" class=\"wp-image-8592\" srcset=\"https:\/\/pomerania.org.pl\/wp-content\/uploads\/2026\/04\/szkolenie_23_04_2026_151-5000x3338.jpg 5000w, https:\/\/pomerania.org.pl\/wp-content\/uploads\/2026\/04\/szkolenie_23_04_2026_151-300x200.jpg 300w, https:\/\/pomerania.org.pl\/wp-content\/uploads\/2026\/04\/szkolenie_23_04_2026_151-768x513.jpg 768w, https:\/\/pomerania.org.pl\/wp-content\/uploads\/2026\/04\/szkolenie_23_04_2026_151-1536x1025.jpg 1536w, https:\/\/pomerania.org.pl\/wp-content\/uploads\/2026\/04\/szkolenie_23_04_2026_151-2048x1367.jpg 2048w\" sizes=\"auto, (max-width: 5000px) 100vw, 5000px\" \/><\/figure>\n\n\n\n<figure class=\"wp-block-image size-large\"><img loading=\"lazy\" decoding=\"async\" width=\"5000\" height=\"3338\" data-id=\"8591\" src=\"https:\/\/pomerania.org.pl\/wp-content\/uploads\/2026\/04\/szkolenie_23_04_2026_141-5000x3338.jpg\" alt=\"\" class=\"wp-image-8591\" srcset=\"https:\/\/pomerania.org.pl\/wp-content\/uploads\/2026\/04\/szkolenie_23_04_2026_141-5000x3338.jpg 5000w, https:\/\/pomerania.org.pl\/wp-content\/uploads\/2026\/04\/szkolenie_23_04_2026_141-300x200.jpg 300w, https:\/\/pomerania.org.pl\/wp-content\/uploads\/2026\/04\/szkolenie_23_04_2026_141-768x513.jpg 768w, https:\/\/pomerania.org.pl\/wp-content\/uploads\/2026\/04\/szkolenie_23_04_2026_141-1536x1025.jpg 1536w, https:\/\/pomerania.org.pl\/wp-content\/uploads\/2026\/04\/szkolenie_23_04_2026_141-2048x1367.jpg 2048w\" sizes=\"auto, (max-width: 5000px) 100vw, 5000px\" \/><\/figure>\n<\/figure>\n","protected":false},"excerpt":{"rendered":"<p>W dniu 23 kwietnia 2026 roku w Urz\u0119dzie Marsza\u0142kowskim w Szczecinie, w Sali Delfin, odby\u0142o si\u0119 szkolenie pn. \u201eSztuczna inteligencja w praktyce \u2013 jak pracowa\u0107 wydajniej i przyspieszy\u0107 rozw\u00f3j firmy\u201d. W wydarzeniu uczestniczyli przedstawiciele r\u00f3\u017cnych bran\u017c zawodowych z Polski i Niemiec, zainteresowani mo\u017cliwo\u015bciami, jakie oferuj\u0105 wsp\u00f3\u0142czesne technologie. Szkolenie zosta\u0142o przeprowadzone przez dr hab. Adama Stecyka, [&hellip;]<\/p>\n","protected":false},"author":2,"featured_media":8585,"comment_status":"closed","ping_status":"closed","sticky":false,"template":"","format":"standard","meta":{"footnotes":""},"categories":[95],"tags":[],"class_list":["post-8575","post","type-post","status-publish","format-standard","has-post-thumbnail","hentry","category-sid"],"post_mailing_queue_ids":[],"_links":{"self":[{"href":"https:\/\/pomerania.org.pl\/index.php?rest_route=\/wp\/v2\/posts\/8575","targetHints":{"allow":["GET"]}}],"collection":[{"href":"https:\/\/pomerania.org.pl\/index.php?rest_route=\/wp\/v2\/posts"}],"about":[{"href":"https:\/\/pomerania.org.pl\/index.php?rest_route=\/wp\/v2\/types\/post"}],"author":[{"embeddable":true,"href":"https:\/\/pomerania.org.pl\/index.php?rest_route=\/wp\/v2\/users\/2"}],"replies":[{"embeddable":true,"href":"https:\/\/pomerania.org.pl\/index.php?rest_route=%2Fwp%2Fv2%2Fcomments&post=8575"}],"version-history":[{"count":3,"href":"https:\/\/pomerania.org.pl\/index.php?rest_route=\/wp\/v2\/posts\/8575\/revisions"}],"predecessor-version":[{"id":8625,"href":"https:\/\/pomerania.org.pl\/index.php?rest_route=\/wp\/v2\/posts\/8575\/revisions\/8625"}],"wp:featuredmedia":[{"embeddable":true,"href":"https:\/\/pomerania.org.pl\/index.php?rest_route=\/wp\/v2\/media\/8585"}],"wp:attachment":[{"href":"https:\/\/pomerania.org.pl\/index.php?rest_route=%2Fwp%2Fv2%2Fmedia&parent=8575"}],"wp:term":[{"taxonomy":"category","embeddable":true,"href":"https:\/\/pomerania.org.pl\/index.php?rest_route=%2Fwp%2Fv2%2Fcategories&post=8575"},{"taxonomy":"post_tag","embeddable":true,"href":"https:\/\/pomerania.org.pl\/index.php?rest_route=%2Fwp%2Fv2%2Ftags&post=8575"}],"curies":[{"name":"wp","href":"https:\/\/api.w.org\/{rel}","templated":true}]}}