{"id":8627,"date":"2026-04-29T10:15:16","date_gmt":"2026-04-29T08:15:16","guid":{"rendered":"https:\/\/pomerania.org.pl\/?p=8627"},"modified":"2026-04-29T10:15:18","modified_gmt":"2026-04-29T08:15:18","slug":"ostatnie-wolne-miejsca-na-polsko-niemiecki-oboz-summer-camp-w-templinie","status":"publish","type":"post","link":"https:\/\/pomerania.org.pl\/?p=8627","title":{"rendered":"Ostatnie wolne miejsca na polsko-niemiecki ob\u00f3z Summer Camp w Templinie"},"content":{"rendered":"\n<p>Stiftung <strong>Geb\u00e4udeensemble Joachimsthalsches Gymnasium Templin<\/strong> wsp\u00f3lnie z klubami Rotary w Koszalinie, Szczecinie i Prenzlau oraz miastem Po\u0142czyn-Zdr\u00f3j organizuj\u0105 po raz pi\u0105ty polsko-niemiecki ob\u00f3z letni, kt\u00f3ry odb\u0119dzie si\u0119 od 9 do 15 sierpnia 2026 r. w Templinie.<\/p>\n\n\n\n<p>Projekt skierowany jest do m\u0142odzie\u017cy w wieku od 12 do 15 lat.<\/p>\n\n\n\n<p>Najwa\u017cniejsze informacje na stronie internetowej projektu: \u00a0<a href=\"https:\/\/est.eu\/pl\/summer-camp\/\">https:\/\/est.eu\/pl\/summer-camp\/<\/a><\/p>\n\n\n\n<p><a href=\"https:\/\/pomerania.org.pl\/wp-content\/uploads\/2026\/04\/Summer-Camp.pdf\">Ulotka<\/a><\/p>\n\n\n\n<p><\/p>\n\n\n\n<p><\/p>\n","protected":false},"excerpt":{"rendered":"<p>Stiftung Geb\u00e4udeensemble Joachimsthalsches Gymnasium Templin wsp\u00f3lnie z klubami Rotary w Koszalinie, Szczecinie i Prenzlau oraz miastem Po\u0142czyn-Zdr\u00f3j organizuj\u0105 po raz pi\u0105ty polsko-niemiecki ob\u00f3z letni, kt\u00f3ry odb\u0119dzie si\u0119 od 9 do 15 sierpnia 2026 r. w Templinie. Projekt skierowany jest do m\u0142odzie\u017cy w wieku od 12 do 15 lat. Najwa\u017cniejsze informacje na stronie internetowej projektu: \u00a0https:\/\/est.eu\/pl\/summer-camp\/ [&hellip;]<\/p>\n","protected":false},"author":1,"featured_media":8629,"comment_status":"closed","ping_status":"closed","sticky":false,"template":"","format":"standard","meta":{"footnotes":""},"categories":[26],"tags":[],"class_list":["post-8627","post","type-post","status-publish","format-standard","has-post-thumbnail","hentry","category-pnwm"],"post_mailing_queue_ids":[],"_links":{"self":[{"href":"https:\/\/pomerania.org.pl\/index.php?rest_route=\/wp\/v2\/posts\/8627","targetHints":{"allow":["GET"]}}],"collection":[{"href":"https:\/\/pomerania.org.pl\/index.php?rest_route=\/wp\/v2\/posts"}],"about":[{"href":"https:\/\/pomerania.org.pl\/index.php?rest_route=\/wp\/v2\/types\/post"}],"author":[{"embeddable":true,"href":"https:\/\/pomerania.org.pl\/index.php?rest_route=\/wp\/v2\/users\/1"}],"replies":[{"embeddable":true,"href":"https:\/\/pomerania.org.pl\/index.php?rest_route=%2Fwp%2Fv2%2Fcomments&post=8627"}],"version-history":[{"count":1,"href":"https:\/\/pomerania.org.pl\/index.php?rest_route=\/wp\/v2\/posts\/8627\/revisions"}],"predecessor-version":[{"id":8630,"href":"https:\/\/pomerania.org.pl\/index.php?rest_route=\/wp\/v2\/posts\/8627\/revisions\/8630"}],"wp:featuredmedia":[{"embeddable":true,"href":"https:\/\/pomerania.org.pl\/index.php?rest_route=\/wp\/v2\/media\/8629"}],"wp:attachment":[{"href":"https:\/\/pomerania.org.pl\/index.php?rest_route=%2Fwp%2Fv2%2Fmedia&parent=8627"}],"wp:term":[{"taxonomy":"category","embeddable":true,"href":"https:\/\/pomerania.org.pl\/index.php?rest_route=%2Fwp%2Fv2%2Fcategories&post=8627"},{"taxonomy":"post_tag","embeddable":true,"href":"https:\/\/pomerania.org.pl\/index.php?rest_route=%2Fwp%2Fv2%2Ftags&post=8627"}],"curies":[{"name":"wp","href":"https:\/\/api.w.org\/{rel}","templated":true}]}}